{"id":37683,"date":"2025-06-23T18:02:00","date_gmt":"2025-06-23T17:02:00","guid":{"rendered":"https:\/\/swissmig.wordpress.com\/?p=37683"},"modified":"2025-06-23T18:02:00","modified_gmt":"2025-06-23T17:02:00","slug":"pourquoi-les-personnes-requerantes-dasile-deboutees-sont-elles-autorisees-a-saisir-des-instances-internationales","status":"publish","type":"post","link":"https:\/\/swissmig.unine.ch\/?p=37683","title":{"rendered":"Pourquoi les personnes requ\u00e9rantes d\u2019asile d\u00e9bout\u00e9es sont-elles autoris\u00e9es \u00e0 saisir des instances internationales?"},"content":{"rendered":"\n<h3 class=\"wp-block-heading\">Author(s) : Anne-C\u00e9cile Leyvraz<\/h3>\n\n\n\n<h3 class=\"wp-block-heading\">Source (fr) : <a href=\"https:\/\/www.migrationscholars.ch\/post\/pourquoi-les-requ%C3%A9rantes-d-asile-sont-elles-autoris%C3%A9es-%C3%A0-saisir-des-instances-internationales\" target=\"_blank\" rel=\"noreferrer noopener\">https:\/\/www.migrationscholars.ch\/post\/pourquoi-les-requ%C3%A9rantes-d-asile-sont-elles-autoris%C3%A9es-%C3%A0-saisir-des-instances-internationales<\/a><\/h3>\n\n\n\n<p><strong>Abstract: <\/strong><\/p>\n\n\n\n<!--more-->\n\n\n\n<blockquote class=\"wp-block-quote is-layout-flow wp-block-quote-is-layout-flow\">\n<p>&#8220;Il a quelques mois, plusieurs organisations, y compris l\u2019Organisation suisse d\u2019aide aux r\u00e9fugi\u00e9s (OSAR), demandaient au Secr\u00e9tariat d\u2019\u00c9tat aux migrations (SEM) de ne pas poursuivre la r\u00e9\u00e9valuation des admissions provisoires de 3\u2019200 personnes de nationalit\u00e9 \u00e9rythr\u00e9enne avant que le comit\u00e9 contre la torture ne rende une importante d\u00e9cision sur cette question. En effet, apr\u00e8s le refus des autorit\u00e9s suisses d\u2019octroyer une protection \u00e0 une ressortissante \u00e9rythr\u00e9enne, ses avocats ont soumis son cas au comit\u00e9 contre la torture \u2013 organe cr\u00e9\u00e9 au sein de l\u2019Organisation des Nations Unies (ONU) \u2013 all\u00e9guant qu\u2019il existait un risque de torture en cas de renvoi dans son pays d\u2019origine. Ce comit\u00e9 a alors demand\u00e9 \u00e0 la Suisse de suspendre l\u2019ex\u00e9cution du renvoi le temps de l\u2019examen de la plainte.&#8221;<\/p>\n\n\n\n<p><\/p>\n<\/blockquote>\n","protected":false},"excerpt":{"rendered":"<p>Author(s) : Anne-C\u00e9cile Leyvraz Source (fr) : https:\/\/www.migrationscholars.ch\/post\/pourquoi-les-requ%C3%A9rantes-d-asile-sont-elles-autoris%C3%A9es-%C3%A0-saisir-des-instances-internationales Abstract:<\/p>\n","protected":false},"author":4,"featured_media":0,"comment_status":"open","ping_status":"open","sticky":false,"template":"","format":"standard","meta":{"_kadence_starter_templates_imported_post":false,"_kad_post_transparent":"","_kad_post_title":"","_kad_post_layout":"","_kad_post_sidebar_id":"","_kad_post_content_style":"","_kad_post_vertical_padding":"","_kad_post_feature":"","_kad_post_feature_position":"","_kad_post_header":false,"_kad_post_footer":false,"_kad_post_classname":"","jetpack_post_was_ever_published":false,"_jetpack_newsletter_access":"","_jetpack_dont_email_post_to_subs":true,"_jetpack_newsletter_tier_id":0,"_jetpack_memberships_contains_paywalled_content":false,"_jetpack_memberships_contains_paid_content":false,"footnotes":""},"categories":[12],"tags":[285,119,112,514,527,328,613,52,271,133,303,90,212,305],"class_list":["post-37683","post","type-post","status-publish","format-standard","hentry","category-politics","tag-285","tag-associations","tag-asylum-procedure","tag-blog-article","tag-eritreans","tag-expulsion","tag-forced-migration","tag-french-language","tag-human-rights-violations","tag-immigrant-policy","tag-legal-aspects","tag-reception-policy","tag-security","tag-united-nations"],"jetpack_featured_media_url":"","jetpack_sharing_enabled":true,"_links":{"self":[{"href":"https:\/\/swissmig.unine.ch\/index.php?rest_route=\/wp\/v2\/posts\/37683","targetHints":{"allow":["GET"]}}],"collection":[{"href":"https:\/\/swissmig.unine.ch\/index.php?rest_route=\/wp\/v2\/posts"}],"about":[{"href":"https:\/\/swissmig.unine.ch\/index.php?rest_route=\/wp\/v2\/types\/post"}],"author":[{"embeddable":true,"href":"https:\/\/swissmig.unine.ch\/index.php?rest_route=\/wp\/v2\/users\/4"}],"replies":[{"embeddable":true,"href":"https:\/\/swissmig.unine.ch\/index.php?rest_route=%2Fwp%2Fv2%2Fcomments&post=37683"}],"version-history":[{"count":0,"href":"https:\/\/swissmig.unine.ch\/index.php?rest_route=\/wp\/v2\/posts\/37683\/revisions"}],"wp:attachment":[{"href":"https:\/\/swissmig.unine.ch\/index.php?rest_route=%2Fwp%2Fv2%2Fmedia&parent=37683"}],"wp:term":[{"taxonomy":"category","embeddable":true,"href":"https:\/\/swissmig.unine.ch\/index.php?rest_route=%2Fwp%2Fv2%2Fcategories&post=37683"},{"taxonomy":"post_tag","embeddable":true,"href":"https:\/\/swissmig.unine.ch\/index.php?rest_route=%2Fwp%2Fv2%2Ftags&post=37683"}],"curies":[{"name":"wp","href":"https:\/\/api.w.org\/{rel}","templated":true}]}}