{"id":37680,"date":"2025-06-23T17:55:00","date_gmt":"2025-06-23T16:55:00","guid":{"rendered":"https:\/\/swissmig.wordpress.com\/?p=37680"},"modified":"2025-06-23T17:55:00","modified_gmt":"2025-06-23T16:55:00","slug":"penser-lexpulsion-des-etrangers-de-suisse-a-partir-dune-etude-de-cas-dun-jeune-delinquant-expulse","status":"publish","type":"post","link":"https:\/\/swissmig.unine.ch\/?p=37680","title":{"rendered":"Penser l\u2019expulsion des \u00e9trangers de Suisse \u00e0 partir d\u2019une \u00e9tude de cas d\u2019un jeune d\u00e9linquant expuls\u00e9"},"content":{"rendered":"\n<h3 class=\"wp-block-heading\">Author(s) : Ibrahim Soys\u00fcren<\/h3>\n\n\n\n<h3 class=\"wp-block-heading\">Source (fr) : <a href=\"https:\/\/doi.org\/10.3917\/migra.146.0015\" target=\"_blank\" rel=\"noreferrer noopener\">https:\/\/doi.org\/10.3917\/migra.146.0015<\/a><\/h3>\n\n\n\n<p><strong>Abstract: <\/strong><\/p>\n\n\n\n<!--more-->\n\n\n\n<blockquote class=\"wp-block-quote is-layout-flow wp-block-quote-is-layout-flow\">\n<p>&#8220;L\u2019immigration est une composante de la soci\u00e9t\u00e9 suisse. Selon l\u2019Office f\u00e9d\u00e9ral de la statistique (ofs), 22,8\u00a0% de la population suisse poss\u00e9dait une nationalit\u00e9 \u00e9trang\u00e8re\u00a0\u00e0 la fin de 2011, un des taux les plus \u00e9lev\u00e9s en Europe. Quant \u00e0 l\u2019expulsion des d\u00e9linquants \u00e9trangers, elle est devenue un sujet d\u2019actualit\u00e9 dans ce pays surtout en raison d\u2019une initiative populaire\u202fintitul\u00e9e <em>Pour le renvoi des \u00e9trangers criminels. <\/em>Vot\u00e9e et accept\u00e9e le 28\u00a0novembre 2010, elle pr\u00e9voit un durcissement sans pr\u00e9c\u00e9dent en la mati\u00e8re. \u00c0 noter que, avant l\u2019acceptation de l\u2019initiative populaire, la Suisse expulsait quelque 750 d\u00e9linquants \u00e9trangers par an.&#8221;<\/p>\n\n\n\n<p><\/p>\n<\/blockquote>\n","protected":false},"excerpt":{"rendered":"<p>Author(s) : Ibrahim Soys\u00fcren Source (fr) : https:\/\/doi.org\/10.3917\/migra.146.0015 Abstract:<\/p>\n","protected":false},"author":4,"featured_media":0,"comment_status":"open","ping_status":"open","sticky":false,"template":"","format":"standard","meta":{"_kadence_starter_templates_imported_post":false,"_kad_post_transparent":"","_kad_post_title":"","_kad_post_layout":"","_kad_post_sidebar_id":"","_kad_post_content_style":"","_kad_post_vertical_padding":"","_kad_post_feature":"","_kad_post_feature_position":"","_kad_post_header":false,"_kad_post_footer":false,"_kad_post_classname":"","jetpack_post_was_ever_published":false,"_jetpack_newsletter_access":"","_jetpack_dont_email_post_to_subs":true,"_jetpack_newsletter_tier_id":0,"_jetpack_memberships_contains_paywalled_content":false,"_jetpack_memberships_contains_paid_content":false,"footnotes":""},"categories":[12],"tags":[75,7,209,328,28,52,133,387,303,361,212,143],"class_list":["post-37680","post","type-post","status-publish","format-standard","hentry","category-politics","tag-75","tag-article","tag-criminal-behaviour","tag-expulsion","tag-foreigners","tag-french-language","tag-immigrant-policy","tag-integration-policy","tag-legal-aspects","tag-referendums-and-initiatives","tag-security","tag-statistical-data"],"jetpack_featured_media_url":"","jetpack_sharing_enabled":true,"_links":{"self":[{"href":"https:\/\/swissmig.unine.ch\/index.php?rest_route=\/wp\/v2\/posts\/37680","targetHints":{"allow":["GET"]}}],"collection":[{"href":"https:\/\/swissmig.unine.ch\/index.php?rest_route=\/wp\/v2\/posts"}],"about":[{"href":"https:\/\/swissmig.unine.ch\/index.php?rest_route=\/wp\/v2\/types\/post"}],"author":[{"embeddable":true,"href":"https:\/\/swissmig.unine.ch\/index.php?rest_route=\/wp\/v2\/users\/4"}],"replies":[{"embeddable":true,"href":"https:\/\/swissmig.unine.ch\/index.php?rest_route=%2Fwp%2Fv2%2Fcomments&post=37680"}],"version-history":[{"count":0,"href":"https:\/\/swissmig.unine.ch\/index.php?rest_route=\/wp\/v2\/posts\/37680\/revisions"}],"wp:attachment":[{"href":"https:\/\/swissmig.unine.ch\/index.php?rest_route=%2Fwp%2Fv2%2Fmedia&parent=37680"}],"wp:term":[{"taxonomy":"category","embeddable":true,"href":"https:\/\/swissmig.unine.ch\/index.php?rest_route=%2Fwp%2Fv2%2Fcategories&post=37680"},{"taxonomy":"post_tag","embeddable":true,"href":"https:\/\/swissmig.unine.ch\/index.php?rest_route=%2Fwp%2Fv2%2Ftags&post=37680"}],"curies":[{"name":"wp","href":"https:\/\/api.w.org\/{rel}","templated":true}]}}