{"id":37674,"date":"2025-06-23T17:30:00","date_gmt":"2025-06-23T16:30:00","guid":{"rendered":"https:\/\/swissmig.wordpress.com\/?p=37674"},"modified":"2025-06-23T17:30:00","modified_gmt":"2025-06-23T16:30:00","slug":"vie-musulmane-en-suisse-profils-identitaires-demandes-et-perceptions-des-musulmans-en-suisse-rapport-realise-par-le-groupe-de-recherche-sur-lislam-en-suisse-gris","status":"publish","type":"post","link":"https:\/\/swissmig.unine.ch\/?p=37674","title":{"rendered":"Vie musulmane en Suisse : profils identitaires, demandes et perceptions des musulmans en Suisse : rapport r\u00e9alis\u00e9 par le Groupe de recherche sur l&#8217;Islam en Suisse (GRIS)"},"content":{"rendered":"\n<h3 class=\"wp-block-heading\">Author(s) : Matteo Gianni, Mallory Schneuwly Purdie, St\u00e9phane Lathion, Magali Jenn<\/h3>\n\n\n\n<h3 class=\"wp-block-heading\">Source : <a href=\"https:\/\/www.newsd.admin.ch\/newsd\/message\/attachments\/81678.pdf\" target=\"_blank\" rel=\"noreferrer noopener\">https:\/\/www.newsd.admin.ch\/newsd\/message\/attachments\/81678.pdf<\/a><\/h3>\n\n\n\n<p><strong>Abstract: <\/strong><\/p>\n\n\n\n<!--more-->\n\n\n\n<blockquote class=\"wp-block-quote is-layout-flow wp-block-quote-is-layout-flow\">\n<p>&#8220;Il s\u2019est \u00e9coul\u00e9 une demi-d\u00e9cennie depuis la publication de l\u2019\u00e9tude \u00ab Vie musulmane en Suisse \u00bb par la Commission f\u00e9d\u00e9rale des \u00e9trangers CFE. Au cours des cinq ann\u00e9es pass\u00e9es depuis la parution de cette publication en 2005, la perception de l\u2019opinion publique suisse \u00e0 l\u2019\u00e9gard des musulmanes et musulmans a chang\u00e9. M\u00eame si, auparavant, certaines questions li\u00e9es \u00e0 l\u2019islam soulevaient d\u00e9j\u00e0<br>des controverses \u2013 par exemple la question du port du foulard, la dispense pour les cours de natation ou l\u2019am\u00e9nagement particulier de tombes dans les cimeti\u00e8res \u2013, apr\u00e8s la votation relative \u00e0 l\u2019initiative \u00ab contre la construction de minarets \u00bb, on a pu constater un changement de ton lors de l\u2019\u00e9vocation de sujets ayant trait \u00e0 la population musulmane.&#8221;<\/p>\n<\/blockquote>\n","protected":false},"excerpt":{"rendered":"<p>Author(s) : Matteo Gianni, Mallory Schneuwly Purdie, St\u00e9phane Lathion, Magali&#8230;<\/p>\n","protected":false},"author":4,"featured_media":0,"comment_status":"open","ping_status":"open","sticky":false,"template":"","format":"standard","meta":{"_kadence_starter_templates_imported_post":false,"_kad_post_transparent":"","_kad_post_title":"","_kad_post_layout":"","_kad_post_sidebar_id":"","_kad_post_content_style":"","_kad_post_vertical_padding":"","_kad_post_feature":"","_kad_post_feature_position":"","_kad_post_header":false,"_kad_post_footer":false,"_kad_post_classname":"","jetpack_post_was_ever_published":false,"_jetpack_newsletter_access":"","_jetpack_dont_email_post_to_subs":true,"_jetpack_newsletter_tier_id":0,"_jetpack_memberships_contains_paywalled_content":false,"_jetpack_memberships_contains_paid_content":false,"footnotes":""},"categories":[167],"tags":[463,70,52,223,104,36,116,444,168,249,91],"class_list":["post-37674","post","type-post","status-publish","format-standard","hentry","category-ethnicity-languages-religion-arts","tag-463","tag-citizenship","tag-french-language","tag-islam","tag-living-conditions","tag-migration-policy","tag-muslims","tag-religious-institutions","tag-religious-practice","tag-report","tag-social-integration"],"jetpack_featured_media_url":"","jetpack_sharing_enabled":true,"_links":{"self":[{"href":"https:\/\/swissmig.unine.ch\/index.php?rest_route=\/wp\/v2\/posts\/37674","targetHints":{"allow":["GET"]}}],"collection":[{"href":"https:\/\/swissmig.unine.ch\/index.php?rest_route=\/wp\/v2\/posts"}],"about":[{"href":"https:\/\/swissmig.unine.ch\/index.php?rest_route=\/wp\/v2\/types\/post"}],"author":[{"embeddable":true,"href":"https:\/\/swissmig.unine.ch\/index.php?rest_route=\/wp\/v2\/users\/4"}],"replies":[{"embeddable":true,"href":"https:\/\/swissmig.unine.ch\/index.php?rest_route=%2Fwp%2Fv2%2Fcomments&post=37674"}],"version-history":[{"count":0,"href":"https:\/\/swissmig.unine.ch\/index.php?rest_route=\/wp\/v2\/posts\/37674\/revisions"}],"wp:attachment":[{"href":"https:\/\/swissmig.unine.ch\/index.php?rest_route=%2Fwp%2Fv2%2Fmedia&parent=37674"}],"wp:term":[{"taxonomy":"category","embeddable":true,"href":"https:\/\/swissmig.unine.ch\/index.php?rest_route=%2Fwp%2Fv2%2Fcategories&post=37674"},{"taxonomy":"post_tag","embeddable":true,"href":"https:\/\/swissmig.unine.ch\/index.php?rest_route=%2Fwp%2Fv2%2Ftags&post=37674"}],"curies":[{"name":"wp","href":"https:\/\/api.w.org\/{rel}","templated":true}]}}