{"id":37670,"date":"2025-06-30T08:00:00","date_gmt":"2025-06-30T07:00:00","guid":{"rendered":"https:\/\/swissmig.wordpress.com\/?p=37670"},"modified":"2025-06-30T08:00:00","modified_gmt":"2025-06-30T07:00:00","slug":"entre-inclusion-et-selection-lorientation-des-eleves-primo-arrivants-allophones-dans-les-conseils-de-classe-daccueil-en-suisse","status":"publish","type":"post","link":"https:\/\/swissmig.unine.ch\/?p=37670","title":{"rendered":"Entre inclusion et s\u00e9lection : l\u2019orientation des \u00e9l\u00e8ves primo-arrivants allophones dans les conseils de classe d\u2019accueil en Suisse"},"content":{"rendered":"\n<h3 class=\"wp-block-heading\">Author(s) : No\u00e9mie Mathivat, Jeanne Rey, Laure Kloetzer<\/h3>\n\n\n\n<h3 class=\"wp-block-heading\">Source (fr) : <a href=\"https:\/\/doi.org\/10.3917\/es.052.0041\" target=\"_blank\" rel=\"noreferrer noopener\">https:\/\/doi.org\/10.3917\/es.052.0041<\/a><\/h3>\n\n\n\n<p><strong>Abstract: <\/strong><\/p>\n\n\n\n<!--more-->\n\n\n\n<blockquote class=\"wp-block-quote is-layout-flow wp-block-quote-is-layout-flow\">\n<p>&#8220;La Suisse peut \u00eatre d\u00e9crite comme un laboratoire pour l\u2019\u00e9tude des migrations du fait de sa pluralit\u00e9 culturelle et linguistique nationale et immigr\u00e9e, mais aussi de la multiplicit\u00e9 des r\u00e9glementations propres \u00e0 chaque canton. Dans le canton de Vaud, les \u00e9l\u00e8ves primo-arrivants allophones (EPAA) peuvent \u00eatre scolaris\u00e9s dans des classes d\u2019accueil s\u00e9par\u00e9es. Chaque fin d\u2019ann\u00e9e, l\u2019enjeu pour les enseignantes est d\u2019\u00e9valuer chaque \u00e9l\u00e8ve en train d\u2019acqu\u00e9rir la langue d\u2019enseignement locale, pour l\u2019orienter dans un syst\u00e8me \u00e0 fili\u00e8res visant l\u2019homog\u00e9n\u00e9it\u00e9 des groupes. Ces moments charni\u00e8res repr\u00e9sentent un point aveugle dans la construction des trajectoires scolaires. Cette recherche \u00e9tudie comment les EPAA sont orient\u00e9s dans un syst\u00e8me scolaire secondaire s\u00e9lectif et d\u2019apr\u00e8s quels \u00e9l\u00e9ments. L\u2019analyse des donn\u00e9es montre que la prolongation de la scolarit\u00e9 en classe d\u2019accueil est favoris\u00e9e par les enseignantes pour prot\u00e9ger les \u00e9l\u00e8ves d\u2019une scolarisation en classe ordinaire per\u00e7ue comme \u00e0 rebours de l\u2019\u00e9cole inclusive.&#8221;<\/p>\n\n\n\n<p><\/p>\n<\/blockquote>\n","protected":false},"excerpt":{"rendered":"<p>Author(s) : No\u00e9mie Mathivat, Jeanne Rey, Laure Kloetzer Source (fr)&#8230;<\/p>\n","protected":false},"author":4,"featured_media":0,"comment_status":"open","ping_status":"open","sticky":false,"template":"","format":"standard","meta":{"_kadence_starter_templates_imported_post":false,"_kad_post_transparent":"","_kad_post_title":"","_kad_post_layout":"","_kad_post_sidebar_id":"","_kad_post_content_style":"","_kad_post_vertical_padding":"","_kad_post_feature":"","_kad_post_feature_position":"","_kad_post_header":false,"_kad_post_footer":false,"_kad_post_classname":"","jetpack_post_was_ever_published":false,"_jetpack_newsletter_access":"","_jetpack_dont_email_post_to_subs":false,"_jetpack_newsletter_tier_id":0,"_jetpack_memberships_contains_paywalled_content":false,"_jetpack_memberships_contains_paid_content":false,"footnotes":""},"categories":[61],"tags":[291,7,318,77,52,387,114,180,90,103,490,117,370],"class_list":["post-37670","post","type-post","status-publish","format-standard","hentry","category-education","tag-291","tag-article","tag-children","tag-education-policy","tag-french-language","tag-integration-policy","tag-intercultural-education","tag-multiculturalism","tag-reception-policy","tag-refugees","tag-school-attainment","tag-school-integration","tag-vaud"],"jetpack_featured_media_url":"","jetpack_sharing_enabled":true,"_links":{"self":[{"href":"https:\/\/swissmig.unine.ch\/index.php?rest_route=\/wp\/v2\/posts\/37670","targetHints":{"allow":["GET"]}}],"collection":[{"href":"https:\/\/swissmig.unine.ch\/index.php?rest_route=\/wp\/v2\/posts"}],"about":[{"href":"https:\/\/swissmig.unine.ch\/index.php?rest_route=\/wp\/v2\/types\/post"}],"author":[{"embeddable":true,"href":"https:\/\/swissmig.unine.ch\/index.php?rest_route=\/wp\/v2\/users\/4"}],"replies":[{"embeddable":true,"href":"https:\/\/swissmig.unine.ch\/index.php?rest_route=%2Fwp%2Fv2%2Fcomments&post=37670"}],"version-history":[{"count":0,"href":"https:\/\/swissmig.unine.ch\/index.php?rest_route=\/wp\/v2\/posts\/37670\/revisions"}],"wp:attachment":[{"href":"https:\/\/swissmig.unine.ch\/index.php?rest_route=%2Fwp%2Fv2%2Fmedia&parent=37670"}],"wp:term":[{"taxonomy":"category","embeddable":true,"href":"https:\/\/swissmig.unine.ch\/index.php?rest_route=%2Fwp%2Fv2%2Fcategories&post=37670"},{"taxonomy":"post_tag","embeddable":true,"href":"https:\/\/swissmig.unine.ch\/index.php?rest_route=%2Fwp%2Fv2%2Ftags&post=37670"}],"curies":[{"name":"wp","href":"https:\/\/api.w.org\/{rel}","templated":true}]}}