{"id":37642,"date":"2025-06-05T15:00:00","date_gmt":"2025-06-05T14:00:00","guid":{"rendered":"https:\/\/swissmig.wordpress.com\/?p=37642"},"modified":"2025-06-05T15:00:00","modified_gmt":"2025-06-05T14:00:00","slug":"muslime-in-der-schweiz-identitatsprofile-erwartungen-und-einstellungen-eine-studie-der-forschungsgruppe-islam-in-der-schweiz-gris","status":"publish","type":"post","link":"https:\/\/swissmig.unine.ch\/?p=37642","title":{"rendered":"Muslime in der Schweiz: Identit\u00e4tsprofile, Erwartungen und Einstellungen : eine Studie der Forschungsgruppe &#8220;Islam in der Schweiz&#8221; (GRIS)"},"content":{"rendered":"\n<h3 class=\"wp-block-heading\">Author(s) : Matteo Gianni, Mallory Schneuwly Purdie, St\u00e9phane Lathion, Magali Jenn<\/h3>\n\n\n\n<h3 class=\"wp-block-heading\">Source : <a href=\"https:\/\/www.newsd.admin.ch\/newsd\/message\/attachments\/81676.pdf\" target=\"_blank\" rel=\"noreferrer noopener\">https:\/\/www.newsd.admin.ch\/newsd\/message\/attachments\/81676.pdf<\/a><\/h3>\n\n\n\n<p><strong>Abstract: <\/strong><\/p>\n\n\n\n<!--more-->\n\n\n\n<blockquote class=\"wp-block-quote is-layout-flow wp-block-quote-is-layout-flow\">\n<p>&#8220;Seit die Eidgen\u00f6ssische Ausl\u00e4nderkommission EKA die Studie \u00abMuslime in der Schweiz\u00bb ver\u00f6ffentlicht hat, ist ein halbes Jahrzehnt vergangen. In diesen f\u00fcnf Jahren seit Erscheinen der Publikation im Jahr 2005 hat sich die Wahrnehmung der schweizerischen \u00d6ffentlichkeit in Bezug auf Musliminnen und Muslime ver\u00e4ndert. Obwohl auch zuvor besondere Fragestellungen in Verbindung mit dem Islam \u2013 etwa die Frage des Kopftuchtragens, des Dispenses vom Schwimmunterricht oder der Einrichtung spezieller Grabst\u00e4tten auf Friedh\u00f6fen \u2013 f\u00fcr kontroverse Diskussionen sorgten, ist sp\u00e4testens seit der Abstimmung zur Initiative \u00abGegen den Bau von Minaretten\u00bb ein neuer Ton im Umgang mit der muslimischen Bev\u00f6lkerung festzustellen.&#8221;<\/p>\n<\/blockquote>\n","protected":false},"excerpt":{"rendered":"<p>Author(s) : Matteo Gianni, Mallory Schneuwly Purdie, St\u00e9phane Lathion, Magali&#8230;<\/p>\n","protected":false},"author":4,"featured_media":0,"comment_status":"open","ping_status":"open","sticky":false,"template":"","format":"standard","meta":{"_kadence_starter_templates_imported_post":false,"_kad_post_transparent":"","_kad_post_title":"","_kad_post_layout":"","_kad_post_sidebar_id":"","_kad_post_content_style":"","_kad_post_vertical_padding":"","_kad_post_feature":"","_kad_post_feature_position":"","_kad_post_header":false,"_kad_post_footer":false,"_kad_post_classname":"","jetpack_post_was_ever_published":false,"_jetpack_newsletter_access":"","_jetpack_dont_email_post_to_subs":true,"_jetpack_newsletter_tier_id":0,"_jetpack_memberships_contains_paywalled_content":false,"_jetpack_memberships_contains_paid_content":false,"footnotes":""},"categories":[167],"tags":[131,70,73,223,104,36,116,444,168,249,91],"class_list":["post-37642","post","type-post","status-publish","format-standard","hentry","category-ethnicity-languages-religion-arts","tag-131","tag-citizenship","tag-german-language","tag-islam","tag-living-conditions","tag-migration-policy","tag-muslims","tag-religious-institutions","tag-religious-practice","tag-report","tag-social-integration"],"jetpack_featured_media_url":"","jetpack_sharing_enabled":true,"_links":{"self":[{"href":"https:\/\/swissmig.unine.ch\/index.php?rest_route=\/wp\/v2\/posts\/37642","targetHints":{"allow":["GET"]}}],"collection":[{"href":"https:\/\/swissmig.unine.ch\/index.php?rest_route=\/wp\/v2\/posts"}],"about":[{"href":"https:\/\/swissmig.unine.ch\/index.php?rest_route=\/wp\/v2\/types\/post"}],"author":[{"embeddable":true,"href":"https:\/\/swissmig.unine.ch\/index.php?rest_route=\/wp\/v2\/users\/4"}],"replies":[{"embeddable":true,"href":"https:\/\/swissmig.unine.ch\/index.php?rest_route=%2Fwp%2Fv2%2Fcomments&post=37642"}],"version-history":[{"count":0,"href":"https:\/\/swissmig.unine.ch\/index.php?rest_route=\/wp\/v2\/posts\/37642\/revisions"}],"wp:attachment":[{"href":"https:\/\/swissmig.unine.ch\/index.php?rest_route=%2Fwp%2Fv2%2Fmedia&parent=37642"}],"wp:term":[{"taxonomy":"category","embeddable":true,"href":"https:\/\/swissmig.unine.ch\/index.php?rest_route=%2Fwp%2Fv2%2Fcategories&post=37642"},{"taxonomy":"post_tag","embeddable":true,"href":"https:\/\/swissmig.unine.ch\/index.php?rest_route=%2Fwp%2Fv2%2Ftags&post=37642"}],"curies":[{"name":"wp","href":"https:\/\/api.w.org\/{rel}","templated":true}]}}