{"id":37624,"date":"2025-06-05T15:00:00","date_gmt":"2025-06-05T14:00:00","guid":{"rendered":"https:\/\/swissmig.wordpress.com\/?p=37624"},"modified":"2025-06-05T15:00:00","modified_gmt":"2025-06-05T14:00:00","slug":"asylpolitik-und-migrationspolitik","status":"publish","type":"post","link":"https:\/\/swissmig.unine.ch\/?p=37624","title":{"rendered":"Asylpolitik und Migrationspolitik"},"content":{"rendered":"\n<h3 class=\"wp-block-heading\"><strong>Author(s) <\/strong>: Rosita Fibbi<\/h3>\n\n\n\n<h3 class=\"wp-block-heading\">Source : <a href=\"https:\/\/doi.org\/10.4000\/sjep.230\" target=\"_blank\" rel=\"noreferrer noopener\">https:\/\/doi.org\/10.4000\/sjep.230<\/a><\/h3>\n\n\n\n<p><strong>Abstract: <\/strong><\/p>\n\n\n\n<!--more-->\n\n\n\n<blockquote class=\"wp-block-quote is-layout-flow wp-block-quote-is-layout-flow\">\n<p>&#8220;Obwohl das Asylwesen aus quantitativer Sicht letztlich eher von untergeordneter Bedeutung ist, hat es Jahr f\u00fcr Jahr einen festen Platz auf der politischen Agenda, sei es mit Gesetzesrevisionen, im Hinblick auf die Sparmassnahmen und deren Auswirkungen auf den Asylbereich, im Zusammenhang mit der Beschleunigung des Verfahrens oder mit der Ausweitung der Drittstaatenregelung. Die in den letzten Jahren erarbeiteten Vorlagen f\u00fcr die Ausl\u00e4nder- bzw. die Einb\u00fcrgerungsgesetzgebung haben noch nicht alle institutionellen H\u00fcrden genommen. Mit einem Aufsehen erregenden Urteil, das den Grundsatz der Nichtdiskriminierung von Ausl\u00e4ndern in Einb\u00fcrgerungsfragen bekr\u00e4ftigt, hat sich im vergangenen Jahr auch das Bundesgericht erstmals \u00f6ffentlich zu dieser Frage ge\u00e4ussert. Schliesslich d\u00fcrfte die Verschiebung des politischen Kr\u00e4fteverh\u00e4ltnisses zwischen Parlament und Bundesrat im Anschluss an die Wahlen im Bereich der Migrationspolitik und insbesondere im Hinblick auf die Asylfrage eine Radikalisierung zur Folge haben.&#8221;<\/p>\n\n\n\n<p><\/p>\n<\/blockquote>\n","protected":false},"excerpt":{"rendered":"<p>Author(s) : Rosita Fibbi Source : https:\/\/doi.org\/10.4000\/sjep.230 Abstract:<\/p>\n","protected":false},"author":4,"featured_media":0,"comment_status":"open","ping_status":"open","sticky":false,"template":"","format":"standard","meta":{"_kadence_starter_templates_imported_post":false,"_kad_post_transparent":"","_kad_post_title":"","_kad_post_layout":"","_kad_post_sidebar_id":"","_kad_post_content_style":"","_kad_post_vertical_padding":"","_kad_post_feature":"","_kad_post_feature_position":"","_kad_post_header":false,"_kad_post_footer":false,"_kad_post_classname":"","jetpack_post_was_ever_published":false,"_jetpack_newsletter_access":"","_jetpack_dont_email_post_to_subs":true,"_jetpack_newsletter_tier_id":0,"_jetpack_memberships_contains_paywalled_content":false,"_jetpack_memberships_contains_paid_content":false,"footnotes":""},"categories":[12],"tags":[85,7,70,120,146,73,303,36,93,206,787,103],"class_list":["post-37624","post","type-post","status-publish","format-standard","hentry","category-politics","tag-85","tag-article","tag-citizenship","tag-data-analysis","tag-discrimination","tag-german-language","tag-legal-aspects","tag-migration-policy","tag-naturalization","tag-political-activities","tag-political-impact","tag-refugees"],"jetpack_featured_media_url":"","jetpack_sharing_enabled":true,"_links":{"self":[{"href":"https:\/\/swissmig.unine.ch\/index.php?rest_route=\/wp\/v2\/posts\/37624","targetHints":{"allow":["GET"]}}],"collection":[{"href":"https:\/\/swissmig.unine.ch\/index.php?rest_route=\/wp\/v2\/posts"}],"about":[{"href":"https:\/\/swissmig.unine.ch\/index.php?rest_route=\/wp\/v2\/types\/post"}],"author":[{"embeddable":true,"href":"https:\/\/swissmig.unine.ch\/index.php?rest_route=\/wp\/v2\/users\/4"}],"replies":[{"embeddable":true,"href":"https:\/\/swissmig.unine.ch\/index.php?rest_route=%2Fwp%2Fv2%2Fcomments&post=37624"}],"version-history":[{"count":0,"href":"https:\/\/swissmig.unine.ch\/index.php?rest_route=\/wp\/v2\/posts\/37624\/revisions"}],"wp:attachment":[{"href":"https:\/\/swissmig.unine.ch\/index.php?rest_route=%2Fwp%2Fv2%2Fmedia&parent=37624"}],"wp:term":[{"taxonomy":"category","embeddable":true,"href":"https:\/\/swissmig.unine.ch\/index.php?rest_route=%2Fwp%2Fv2%2Fcategories&post=37624"},{"taxonomy":"post_tag","embeddable":true,"href":"https:\/\/swissmig.unine.ch\/index.php?rest_route=%2Fwp%2Fv2%2Ftags&post=37624"}],"curies":[{"name":"wp","href":"https:\/\/api.w.org\/{rel}","templated":true}]}}