{"id":37578,"date":"2025-05-16T14:00:00","date_gmt":"2025-05-16T13:00:00","guid":{"rendered":"https:\/\/swissmig.wordpress.com\/?p=37578"},"modified":"2025-05-16T14:00:00","modified_gmt":"2025-05-16T13:00:00","slug":"contre-la-precarite-regularisons-les-sans-papiers","status":"publish","type":"post","link":"https:\/\/swissmig.unine.ch\/?p=37578","title":{"rendered":"Contre la pr\u00e9carit\u00e9 : r\u00e9gularisons les sans-papiers"},"content":{"rendered":"\n<h3 class=\"wp-block-heading\">Author(s) : Syndicat interprofessionnel de travailleuses et travailleurs (SIT)<\/h3>\n\n\n\n<h3 class=\"wp-block-heading\">Source : <a href=\"https:\/\/www.sit-syndicat.ch\/spip\/IMG\/pdf\/BI-2002-87_sans-papiers.pdf\" target=\"_blank\" rel=\"noreferrer noopener\">https:\/\/www.sit-syndicat.ch\/spip\/IMG\/pdf\/BI-2002-87_sans-papiers.pdf<\/a><\/h3>\n\n\n\n<p><strong>Abstract: <\/strong><\/p>\n\n\n\n<!--more-->\n\n\n\n<blockquote class=\"wp-block-quote is-layout-flow wp-block-quote-is-layout-flow\">\n<p>Le SIT est un acteur collectif, \u00e0 c\u00f4t\u00e9 de nombreux autres, \u00e0 s\u2019\u00eatre engag\u00e9 depuis longtemps dans la d\u00e9fense des sans-papiers dont l\u2019existence, sous d\u2019autres appellations, remonte d\u00e9j\u00e0 aux ann\u00e9es septante, lorsque le statut de saisonnier poussait de nombreux immigr\u00e9s \u00e0 la clandestinit\u00e9. Les<br>sans-papiers d\u2019aujourd\u2019hui sont de fait des travailleurs-euses \u00e0 part enti\u00e8re mais d\u00e9munis de droits et de statut. Sans-papiers, saisonniers, requ\u00e9rants d\u2019asile\u2026, les immigr\u00e9s de la pr\u00e9carit\u00e9 jalonnent depuis des d\u00e9cennies la politique d\u2019immigration discriminatoire de la Suisse.<\/p>\n<\/blockquote>\n","protected":false},"excerpt":{"rendered":"<p>Author(s) : Syndicat interprofessionnel de travailleuses et travailleurs (SIT) Source&#8230;<\/p>\n","protected":false},"author":4,"featured_media":0,"comment_status":"open","ping_status":"open","sticky":false,"template":"","format":"standard","meta":{"_kadence_starter_templates_imported_post":false,"_kad_post_transparent":"","_kad_post_title":"","_kad_post_layout":"","_kad_post_sidebar_id":"","_kad_post_content_style":"","_kad_post_vertical_padding":"","_kad_post_feature":"","_kad_post_feature_position":"","_kad_post_header":false,"_kad_post_footer":false,"_kad_post_classname":"","jetpack_post_was_ever_published":false,"_jetpack_newsletter_access":"","_jetpack_dont_email_post_to_subs":true,"_jetpack_newsletter_tier_id":0,"_jetpack_memberships_contains_paywalled_content":false,"_jetpack_memberships_contains_paid_content":false,"footnotes":""},"categories":[12],"tags":[346,7,37,52,87,294,94,103,220,262],"class_list":["post-37578","post","type-post","status-publish","format-standard","hentry","category-politics","tag-346","tag-article","tag-attitudes-towards-migrants","tag-french-language","tag-history","tag-irregular-migration","tag-political-system","tag-refugees","tag-seasonal-workers","tag-undocumented-immigrants"],"jetpack_featured_media_url":"","jetpack_sharing_enabled":true,"_links":{"self":[{"href":"https:\/\/swissmig.unine.ch\/index.php?rest_route=\/wp\/v2\/posts\/37578","targetHints":{"allow":["GET"]}}],"collection":[{"href":"https:\/\/swissmig.unine.ch\/index.php?rest_route=\/wp\/v2\/posts"}],"about":[{"href":"https:\/\/swissmig.unine.ch\/index.php?rest_route=\/wp\/v2\/types\/post"}],"author":[{"embeddable":true,"href":"https:\/\/swissmig.unine.ch\/index.php?rest_route=\/wp\/v2\/users\/4"}],"replies":[{"embeddable":true,"href":"https:\/\/swissmig.unine.ch\/index.php?rest_route=%2Fwp%2Fv2%2Fcomments&post=37578"}],"version-history":[{"count":0,"href":"https:\/\/swissmig.unine.ch\/index.php?rest_route=\/wp\/v2\/posts\/37578\/revisions"}],"wp:attachment":[{"href":"https:\/\/swissmig.unine.ch\/index.php?rest_route=%2Fwp%2Fv2%2Fmedia&parent=37578"}],"wp:term":[{"taxonomy":"category","embeddable":true,"href":"https:\/\/swissmig.unine.ch\/index.php?rest_route=%2Fwp%2Fv2%2Fcategories&post=37578"},{"taxonomy":"post_tag","embeddable":true,"href":"https:\/\/swissmig.unine.ch\/index.php?rest_route=%2Fwp%2Fv2%2Ftags&post=37578"}],"curies":[{"name":"wp","href":"https:\/\/api.w.org\/{rel}","templated":true}]}}