{"id":37563,"date":"2025-06-02T08:00:00","date_gmt":"2025-06-02T07:00:00","guid":{"rendered":"https:\/\/swissmig.wordpress.com\/?p=37563"},"modified":"2025-06-02T08:00:00","modified_gmt":"2025-06-02T07:00:00","slug":"la-prise-en-charge-des-personnes-converties-a-lislam-par-les-associations-musulmanes-en-suisse-latine","status":"publish","type":"post","link":"https:\/\/swissmig.unine.ch\/?p=37563","title":{"rendered":"La prise en charge des personnes converties \u00e0 l\u2019islam par les associations musulmanes en Suisse latine"},"content":{"rendered":"\n<h3 class=\"wp-block-heading\">Author(s) : Federico Biasca<\/h3>\n\n\n\n<h3 class=\"wp-block-heading\">Source : <a href=\"https:\/\/doi.org\/10.51363\/unifr.szigs.2024.011\" target=\"_blank\" rel=\"noreferrer noopener\">https:\/\/doi.org\/10.51363\/unifr.szigs.2024.011<\/a><\/h3>\n\n\n\n<p><strong>Abstract: <\/strong><\/p>\n\n\n\n<!--more-->\n\n\n\n<blockquote class=\"wp-block-quote is-layout-flow wp-block-quote-is-layout-flow\">\n<p>&#8220;La conversion \u00e0 l\u2019islam fait l\u2019objet d\u2019une attention scientifique et m\u00e9diatique accrue en contexte europ\u00e9en, mais pour l\u2019heure peu de recherches ont port\u00e9 sur l\u2019aspect institutionnel de ce ph\u00e9nom\u00e8ne. Cela est particuli\u00e8rement vrai dans le contexte helv\u00e9tique. Or face \u00e0 la demande des personnes converties, ou d\u00e9sireuses d\u2019embrasser l\u2019islam, les associations musulmanes en Suisse ont commenc\u00e9 \u00e0 mettre en place des activit\u00e9s en leur direction. Cette \u00e9tude, de nature exploratoire, porte sur ces derni\u00e8res en mettant en lumi\u00e8re leurs formes et contenus. Elle analyse, en partant de la r\u00e9alit\u00e9 de 15 associations musulmanes de Suisse romande et italienne, la prise en charge propos\u00e9e par les r\u00e9f\u00e9rent\u00b7e\u00b7s des converti\u00b7e\u00b7s au sein de ces associations, appel\u00e9s dans cette recherche les \u2018agents de conversion\u2019. Les entretiens effectu\u00e9s avec ces agents ainsi que d\u2019autres responsables musulmans fournissent la plus grande partie du mat\u00e9riel empirique de cette recherche, qui a \u00e9t\u00e9 compl\u00e9t\u00e9 par un ensemble d\u2019observations d\u2019une partie des activit\u00e9s organis\u00e9es en direction des converti\u00b7e\u00b7s ainsi que par la r\u00e9colte du mat\u00e9riel employ\u00e9 avec ces derniers par les associations.&#8221;<\/p>\n\n\n\n<p><strong>Mots-cl\u00e9s<\/strong> : Conversions \u00e0 Islam, Suisse romande, Suisse italienne, Associations musulmanes<\/p>\n\n\n\n<p>&#8220;W\u00e4hrend die Konversion zum Islam zunehmend wissenschaftliche und mediale Aufmerksamkeit im europ\u00e4ischen Kontext erh\u00e4lt, ist die institutionelle Seite dieses Ph\u00e4nomens bisher nur wenig erforscht. Dies trifft insbesondere auf den schweizerischen Kontext zu. Angesichts der Nachfrage von Personen, die zum Islam konvertiert sind oder konvertieren m\u00f6chten, haben muslimische Organisationen in der Schweiz begonnen, entsprechende Aktivit\u00e4ten zu organisieren. Diese explorative Studie konzentriert sich auf diese Aktivit\u00e4ten und beleuchtet ihre Formen und Inhalte. Sie analysiert die Betreuung, die von den Ansprechpartnern f\u00fcr Konvertierte in diesen Organisationen angeboten wird, die in dieser Studie als \u00abKonversionsagenten\u00bb bezeichnet werden, ausgehend von der Realit\u00e4t von 15 muslimischen Vereinigungen in der franz\u00f6sisch- und italienischsprachigen Schweiz. Die Interviews mit diesen Agenten und anderen muslimischen Verantwortlichen liefern den Grossteil des empirischen Materials dieser Studie. Dieses wurde durch Beobachtungen von f\u00fcr Konvertierte organisierten Aktivit\u00e4ten und durch Material, das die Organisationen daf\u00fcr einsetzten, erg\u00e4nzt.&#8221;<\/p>\n<\/blockquote>\n","protected":false},"excerpt":{"rendered":"<p>Author(s) : Federico Biasca Source : https:\/\/doi.org\/10.51363\/unifr.szigs.2024.011 Abstract:<\/p>\n","protected":false},"author":4,"featured_media":0,"comment_status":"open","ping_status":"open","sticky":false,"template":"","format":"standard","meta":{"_kadence_starter_templates_imported_post":false,"_kad_post_transparent":"","_kad_post_title":"","_kad_post_layout":"","_kad_post_sidebar_id":"","_kad_post_content_style":"","_kad_post_vertical_padding":"","_kad_post_feature":"","_kad_post_feature_position":"","_kad_post_header":false,"_kad_post_footer":false,"_kad_post_classname":"","jetpack_post_was_ever_published":false,"_jetpack_newsletter_access":"","_jetpack_dont_email_post_to_subs":false,"_jetpack_newsletter_tier_id":0,"_jetpack_memberships_contains_paywalled_content":false,"_jetpack_memberships_contains_paid_content":false,"footnotes":""},"categories":[167],"tags":[291,119,49,52,154,116,444,168,249],"class_list":["post-37563","post","type-post","status-publish","format-standard","hentry","category-ethnicity-languages-religion-arts","tag-291","tag-associations","tag-asylum-policy","tag-french-language","tag-interviews","tag-muslims","tag-religious-institutions","tag-religious-practice","tag-report"],"jetpack_featured_media_url":"","jetpack_sharing_enabled":true,"_links":{"self":[{"href":"https:\/\/swissmig.unine.ch\/index.php?rest_route=\/wp\/v2\/posts\/37563","targetHints":{"allow":["GET"]}}],"collection":[{"href":"https:\/\/swissmig.unine.ch\/index.php?rest_route=\/wp\/v2\/posts"}],"about":[{"href":"https:\/\/swissmig.unine.ch\/index.php?rest_route=\/wp\/v2\/types\/post"}],"author":[{"embeddable":true,"href":"https:\/\/swissmig.unine.ch\/index.php?rest_route=\/wp\/v2\/users\/4"}],"replies":[{"embeddable":true,"href":"https:\/\/swissmig.unine.ch\/index.php?rest_route=%2Fwp%2Fv2%2Fcomments&post=37563"}],"version-history":[{"count":0,"href":"https:\/\/swissmig.unine.ch\/index.php?rest_route=\/wp\/v2\/posts\/37563\/revisions"}],"wp:attachment":[{"href":"https:\/\/swissmig.unine.ch\/index.php?rest_route=%2Fwp%2Fv2%2Fmedia&parent=37563"}],"wp:term":[{"taxonomy":"category","embeddable":true,"href":"https:\/\/swissmig.unine.ch\/index.php?rest_route=%2Fwp%2Fv2%2Fcategories&post=37563"},{"taxonomy":"post_tag","embeddable":true,"href":"https:\/\/swissmig.unine.ch\/index.php?rest_route=%2Fwp%2Fv2%2Ftags&post=37563"}],"curies":[{"name":"wp","href":"https:\/\/api.w.org\/{rel}","templated":true}]}}