{"id":37555,"date":"2025-05-13T17:00:00","date_gmt":"2025-05-13T16:00:00","guid":{"rendered":"https:\/\/swissmig.wordpress.com\/?p=37555"},"modified":"2025-05-13T17:00:00","modified_gmt":"2025-05-13T16:00:00","slug":"les-noms-des-migrants-en-suisse-evolution-historique-des-termes-categorisations-officielles-et-reponses-individuelles","status":"publish","type":"post","link":"https:\/\/swissmig.unine.ch\/?p=37555","title":{"rendered":"Les noms des migrants en Suisse : \u00e9volution historique des termes, cat\u00e9gorisations officielles et r\u00e9ponses individuelles"},"content":{"rendered":"\n<h3 class=\"wp-block-heading\">Author(s) : Francesca Poglia Mileti<\/h3>\n\n\n\n<h3 class=\"wp-block-heading\">Source (pp. 105-128) : <a href=\"https:\/\/dx.doi.org\/10.33055\/ALPHIL.03080\" target=\"_blank\" rel=\"noreferrer noopener\">https:\/\/dx.doi.org\/10.33055\/ALPHIL.03080<\/a><\/h3>\n\n\n\n<p><strong>Abstract: <\/strong><\/p>\n\n\n\n<!--more-->\n\n\n\n<blockquote class=\"wp-block-quote is-layout-flow wp-block-quote-is-layout-flow\">\n<p>&#8220;Les termes utilis\u00e9s pour d\u00e9signer les individus migrants dans l\u2019espace public, l\u2019ar\u00e8ne m\u00e9diatique, les discours politiques ou le langage commun sont loin d\u2019\u00eatre anodins. Ils sont charg\u00e9s de fortes significations symboliques, sociales et affectives. Ces noms, qui sont fond\u00e9s sur le rapport \u00e0 l\u2019\u00e9tranger construit historiquement dans un contexte national et institutionnel, sont au centre de relations interethniques le plus souvent in\u00e9galitaires et conflictuelles. Cet article s\u2019attache \u00e0 saisir de quelle mani\u00e8re ces d\u00e9signations impos\u00e9es par les institutions, traduites en cat\u00e9gories officielles, utilis\u00e9es par la population majoritaire dans un contexte social donn\u00e9, sont per\u00e7ues, refus\u00e9es, r\u00e9appropri\u00e9es ou n\u00e9goci\u00e9es par les individus migrants. Cette manipulation des termes s\u2019inscrit dans une forme de r\u00e9sistance \u00e0 l\u2019imposition cat\u00e9gorielle, qui permet aux personnes d\u00e9sign\u00e9es de revendiquer leur vision du vivre-ensemble et de r\u00e9am\u00e9nager leur pr\u00e9sentation de soi.&#8221;<\/p>\n\n\n\n<p><\/p>\n<\/blockquote>\n","protected":false},"excerpt":{"rendered":"<p>Author(s) : Francesca Poglia Mileti Source (pp. 105-128) : https:\/\/dx.doi.org\/10.33055\/ALPHIL.03080&#8230;<\/p>\n","protected":false},"author":4,"featured_media":0,"comment_status":"open","ping_status":"open","sticky":false,"template":"","format":"standard","meta":{"_kadence_starter_templates_imported_post":false,"_kad_post_transparent":"","_kad_post_title":"","_kad_post_layout":"","_kad_post_sidebar_id":"","_kad_post_content_style":"","_kad_post_vertical_padding":"","_kad_post_feature":"","_kad_post_feature_position":"","_kad_post_header":false,"_kad_post_footer":false,"_kad_post_classname":"","jetpack_post_was_ever_published":false,"_jetpack_newsletter_access":"","_jetpack_dont_email_post_to_subs":true,"_jetpack_newsletter_tier_id":0,"_jetpack_memberships_contains_paywalled_content":false,"_jetpack_memberships_contains_paid_content":false,"footnotes":""},"categories":[167],"tags":[285,37,32,259,52,65,162,115,122,68,257],"class_list":["post-37555","post","type-post","status-publish","format-standard","hentry","category-ethnicity-languages-religion-arts","tag-285","tag-attitudes-towards-migrants","tag-book-chapter","tag-ethnicity","tag-french-language","tag-language","tag-language-policy","tag-mass-media","tag-migrants","tag-sociolinguistics","tag-stereotypes"],"jetpack_featured_media_url":"","jetpack_sharing_enabled":true,"_links":{"self":[{"href":"https:\/\/swissmig.unine.ch\/index.php?rest_route=\/wp\/v2\/posts\/37555","targetHints":{"allow":["GET"]}}],"collection":[{"href":"https:\/\/swissmig.unine.ch\/index.php?rest_route=\/wp\/v2\/posts"}],"about":[{"href":"https:\/\/swissmig.unine.ch\/index.php?rest_route=\/wp\/v2\/types\/post"}],"author":[{"embeddable":true,"href":"https:\/\/swissmig.unine.ch\/index.php?rest_route=\/wp\/v2\/users\/4"}],"replies":[{"embeddable":true,"href":"https:\/\/swissmig.unine.ch\/index.php?rest_route=%2Fwp%2Fv2%2Fcomments&post=37555"}],"version-history":[{"count":0,"href":"https:\/\/swissmig.unine.ch\/index.php?rest_route=\/wp\/v2\/posts\/37555\/revisions"}],"wp:attachment":[{"href":"https:\/\/swissmig.unine.ch\/index.php?rest_route=%2Fwp%2Fv2%2Fmedia&parent=37555"}],"wp:term":[{"taxonomy":"category","embeddable":true,"href":"https:\/\/swissmig.unine.ch\/index.php?rest_route=%2Fwp%2Fv2%2Fcategories&post=37555"},{"taxonomy":"post_tag","embeddable":true,"href":"https:\/\/swissmig.unine.ch\/index.php?rest_route=%2Fwp%2Fv2%2Ftags&post=37555"}],"curies":[{"name":"wp","href":"https:\/\/api.w.org\/{rel}","templated":true}]}}