{"id":37528,"date":"2025-05-26T08:00:00","date_gmt":"2025-05-26T07:00:00","guid":{"rendered":"https:\/\/swissmig.wordpress.com\/?p=37528"},"modified":"2025-05-26T08:00:00","modified_gmt":"2025-05-26T07:00:00","slug":"mourir-en-migration-au-temps-de-la-covid-19-quelles-reponses-des-acteurs-du-champ-funeraire-en-suisse-romande","status":"publish","type":"post","link":"https:\/\/swissmig.unine.ch\/?p=37528","title":{"rendered":"Mourir en migration au temps de la Covid-19. Quelles r\u00e9ponses des acteurs du champ fun\u00e9raire en Suisse romande ?"},"content":{"rendered":"\n<h3 class=\"wp-block-heading\">Author(s) : Cecilia Mathys, Leila Geara, Maeva Nardin et Dri Paul Konan<\/h3>\n\n\n\n<h3 class=\"wp-block-heading\">Source : <a href=\"https:\/\/doi.org\/10.3917\/migra.195.0073\" target=\"_blank\" rel=\"noreferrer noopener\">https:\/\/doi.org\/10.3917\/migra.195.0073<\/a><\/h3>\n\n\n\n<p><strong>Abstract: <\/strong><\/p>\n\n\n\n<!--more-->\n\n\n\n<blockquote class=\"wp-block-quote is-layout-flow wp-block-quote-is-layout-flow\">\n<p>&#8220;Cet article pr\u00e9sente les r\u00e9sultats d\u2019une \u00e9tude sur les pratiques, ressources et strat\u00e9gies des acteurs du secteur fun\u00e9raire dans l\u2019accompagnement des familles immigr\u00e9es endeuill\u00e9es en Suisse. Nonobstant le grand nombre de travaux de recherche consacr\u00e9s \u00e0 la mobilit\u00e9 internationale post-mortem des corps, peu d\u2019entre eux se sont int\u00e9ress\u00e9s aux enjeux qui, en contexte migratoire, jalonnent la \u00ab trajectoire \u00bb de mobilit\u00e9 des d\u00e9funts \u00e0 l\u2019int\u00e9rieur des fronti\u00e8res \u00e9tatiques. Or cela est d\u2019autant plus important qu\u2019il convient de prendre en compte la diversit\u00e9 des acteurs qui doivent composer avec des obligations d\u2019ordre l\u00e9gal, administratif et \u00e9thique propres \u00e0 leurs pratiques. La question de l\u2019accompagnement fun\u00e9raire en contexte migratoire se pose avec plus d\u2019acuit\u00e9 encore au regard de la pand\u00e9mie de la Covid-19 qui s\u2019est r\u00e9v\u00e9l\u00e9e comme un acc\u00e9l\u00e9rateur de la transformation des pratiques et des rituels fun\u00e9raires. Le mat\u00e9riel empirique recueilli aupr\u00e8s de seize acteurs du secteur fun\u00e9raire met en lumi\u00e8re, de leurs points de vue, les enjeux propres \u00e0 la mort en migration en p\u00e9riode pand\u00e9mique, qui se d\u00e9ploient le plus souvent selon deux registres : celui de la pr\u00e9servation de l\u2019identit\u00e9 des communaut\u00e9s immigr\u00e9es et celui de la l\u00e9gitimation de leur pr\u00e9sence dans la soci\u00e9t\u00e9 d\u2019installation. De mani\u00e8re g\u00e9n\u00e9rale, cette \u00e9tude montre que questionner le destin des d\u00e9funts contribue \u00e0 questionner leur place de leur vivant.&#8221;<\/p>\n<\/blockquote>\n","protected":false},"excerpt":{"rendered":"<p>Author(s) : Cecilia Mathys, Leila Geara, Maeva Nardin et Dri&#8230;<\/p>\n","protected":false},"author":4,"featured_media":0,"comment_status":"open","ping_status":"open","sticky":false,"template":"","format":"standard","meta":{"_kadence_starter_templates_imported_post":false,"_kad_post_transparent":"","_kad_post_title":"","_kad_post_layout":"","_kad_post_sidebar_id":"","_kad_post_content_style":"","_kad_post_vertical_padding":"","_kad_post_feature":"","_kad_post_feature_position":"","_kad_post_header":false,"_kad_post_footer":false,"_kad_post_classname":"","jetpack_post_was_ever_published":false,"_jetpack_newsletter_access":"","_jetpack_dont_email_post_to_subs":false,"_jetpack_newsletter_tier_id":0,"_jetpack_memberships_contains_paywalled_content":false,"_jetpack_memberships_contains_paid_content":false,"footnotes":""},"categories":[167],"tags":[291,7,106,696,151,397,596,583,121,52,303,66,602],"class_list":["post-37528","post","type-post","status-publish","format-standard","hentry","category-ethnicity-languages-religion-arts","tag-291","tag-article","tag-border-controls","tag-covid-19","tag-cultural-identity","tag-customs-and-traditions","tag-death","tag-ethics","tag-ethnic-minorities","tag-french-language","tag-legal-aspects","tag-migration","tag-rites"],"jetpack_featured_media_url":"","jetpack_sharing_enabled":true,"_links":{"self":[{"href":"https:\/\/swissmig.unine.ch\/index.php?rest_route=\/wp\/v2\/posts\/37528","targetHints":{"allow":["GET"]}}],"collection":[{"href":"https:\/\/swissmig.unine.ch\/index.php?rest_route=\/wp\/v2\/posts"}],"about":[{"href":"https:\/\/swissmig.unine.ch\/index.php?rest_route=\/wp\/v2\/types\/post"}],"author":[{"embeddable":true,"href":"https:\/\/swissmig.unine.ch\/index.php?rest_route=\/wp\/v2\/users\/4"}],"replies":[{"embeddable":true,"href":"https:\/\/swissmig.unine.ch\/index.php?rest_route=%2Fwp%2Fv2%2Fcomments&post=37528"}],"version-history":[{"count":0,"href":"https:\/\/swissmig.unine.ch\/index.php?rest_route=\/wp\/v2\/posts\/37528\/revisions"}],"wp:attachment":[{"href":"https:\/\/swissmig.unine.ch\/index.php?rest_route=%2Fwp%2Fv2%2Fmedia&parent=37528"}],"wp:term":[{"taxonomy":"category","embeddable":true,"href":"https:\/\/swissmig.unine.ch\/index.php?rest_route=%2Fwp%2Fv2%2Fcategories&post=37528"},{"taxonomy":"post_tag","embeddable":true,"href":"https:\/\/swissmig.unine.ch\/index.php?rest_route=%2Fwp%2Fv2%2Ftags&post=37528"}],"curies":[{"name":"wp","href":"https:\/\/api.w.org\/{rel}","templated":true}]}}