{"id":37518,"date":"2025-05-19T08:00:00","date_gmt":"2025-05-19T07:00:00","guid":{"rendered":"https:\/\/swissmig.wordpress.com\/?p=37518"},"modified":"2025-05-19T08:00:00","modified_gmt":"2025-05-19T07:00:00","slug":"le-role-de-la-suisse-dans-la-repression-des-opposants-congolais-zairois-a-mobutu-1980-1990","status":"publish","type":"post","link":"https:\/\/swissmig.unine.ch\/?p=37518","title":{"rendered":"Le r\u00f4le de la Suisse dans la r\u00e9pression des opposants congolais-za\u00efrois \u00e0 Mobutu (1980-1990)"},"content":{"rendered":"\n<h3 class=\"wp-block-heading\">Author(s) : Lisa N&#8217;Pango Zanetti<\/h3>\n\n\n\n<h3 class=\"wp-block-heading\">Source : <a href=\"https:\/\/www.persee.fr\/doc\/globe_0398-3412_2023_num_163_1_7859\" target=\"_blank\" rel=\"noreferrer noopener\">https:\/\/www.persee.fr\/doc\/globe_0398-3412_2023_num_163_1_7859<\/a><\/h3>\n\n\n\n<p><strong>Abstract: <\/strong><\/p>\n\n\n\n<!--more-->\n\n\n\n<blockquote class=\"wp-block-quote is-layout-flow wp-block-quote-is-layout-flow\">\n<p>&#8220;L&#8217;article met en lumi\u00e8re la collaboration des autorit\u00e9s suisses avec le gouvernement congolais-za\u00efrois en mati\u00e8re de surveillance de l&#8217;opposition politique \u00e0 Mobutu dans les ann\u00e9es 1980. \u00c0 partir de sources in\u00e9dites provenant des archives f\u00e9d\u00e9rales suisses, ce texte d\u00e9montre que cette collaboration \u00e9tait motiv\u00e9e par des pr\u00e9occupations li\u00e9es aux relations bilat\u00e9rales entre les deux pays, ainsi que par des enjeux li\u00e9s \u00e0 la politique d&#8217;asile et \u00e0 l&#8217;accueil des r\u00e9fugi\u00e9s dans un contexte de Guerre froide et de lutte contre le communisme.&#8221;<\/p>\n\n\n\n<p><strong>Mots-cl\u00e9s<\/strong> : Suisse, Congo-Za\u00efre, politique d&#8217;asile, opposition politique \u00e0 Mobutu, surveillance<\/p>\n\n\n\n<p>&#8220;This article sheds light on the collaboration between the Swiss government and the Congolese-Zairian administration in monitoring the political opposition to Mobutu in the 1980s. Through the use of unpublished sources from Swiss federal archives, the article shows that this collaboration was motivated by concerns regarding bilateral relations between the two countries, as well as by considerations relating to asylum policy and the treatment of refugees in the context of the Cold War and the fight against communism.&#8221;<\/p>\n\n\n\n<p><strong>Keywords<\/strong>: Switzerland, Congo-Zaire, asylum policy, political opposition to Mobutu, surveillance<\/p>\n<\/blockquote>\n","protected":false},"excerpt":{"rendered":"<p>Author(s) : Lisa N&#8217;Pango Zanetti Source : https:\/\/www.persee.fr\/doc\/globe_0398-3412_2023_num_163_1_7859 Abstract:<\/p>\n","protected":false},"author":4,"featured_media":0,"comment_status":"open","ping_status":"open","sticky":false,"template":"","format":"standard","meta":{"_kadence_starter_templates_imported_post":false,"_kad_post_transparent":"","_kad_post_title":"","_kad_post_layout":"","_kad_post_sidebar_id":"","_kad_post_content_style":"","_kad_post_vertical_padding":"","_kad_post_feature":"","_kad_post_feature_position":"","_kad_post_header":false,"_kad_post_footer":false,"_kad_post_classname":"","jetpack_post_was_ever_published":false,"_jetpack_newsletter_access":"","_jetpack_dont_email_post_to_subs":false,"_jetpack_newsletter_tier_id":0,"_jetpack_memberships_contains_paywalled_content":false,"_jetpack_memberships_contains_paid_content":false,"footnotes":""},"categories":[35],"tags":[739,7,49,37,52,206,94,124,90,103,793],"class_list":["post-37518","post","type-post","status-publish","format-standard","hentry","category-history","tag-739","tag-article","tag-asylum-policy","tag-attitudes-towards-migrants","tag-french-language","tag-political-activities","tag-political-system","tag-protest-movements","tag-reception-policy","tag-refugees","tag-zaireans"],"jetpack_featured_media_url":"","jetpack_sharing_enabled":true,"_links":{"self":[{"href":"https:\/\/swissmig.unine.ch\/index.php?rest_route=\/wp\/v2\/posts\/37518","targetHints":{"allow":["GET"]}}],"collection":[{"href":"https:\/\/swissmig.unine.ch\/index.php?rest_route=\/wp\/v2\/posts"}],"about":[{"href":"https:\/\/swissmig.unine.ch\/index.php?rest_route=\/wp\/v2\/types\/post"}],"author":[{"embeddable":true,"href":"https:\/\/swissmig.unine.ch\/index.php?rest_route=\/wp\/v2\/users\/4"}],"replies":[{"embeddable":true,"href":"https:\/\/swissmig.unine.ch\/index.php?rest_route=%2Fwp%2Fv2%2Fcomments&post=37518"}],"version-history":[{"count":0,"href":"https:\/\/swissmig.unine.ch\/index.php?rest_route=\/wp\/v2\/posts\/37518\/revisions"}],"wp:attachment":[{"href":"https:\/\/swissmig.unine.ch\/index.php?rest_route=%2Fwp%2Fv2%2Fmedia&parent=37518"}],"wp:term":[{"taxonomy":"category","embeddable":true,"href":"https:\/\/swissmig.unine.ch\/index.php?rest_route=%2Fwp%2Fv2%2Fcategories&post=37518"},{"taxonomy":"post_tag","embeddable":true,"href":"https:\/\/swissmig.unine.ch\/index.php?rest_route=%2Fwp%2Fv2%2Ftags&post=37518"}],"curies":[{"name":"wp","href":"https:\/\/api.w.org\/{rel}","templated":true}]}}