{"id":37514,"date":"2025-05-06T16:00:00","date_gmt":"2025-05-06T15:00:00","guid":{"rendered":"https:\/\/swissmig.wordpress.com\/?p=37514"},"modified":"2025-05-06T16:00:00","modified_gmt":"2025-05-06T15:00:00","slug":"la-complexite-de-lestimation-de-lage-des-rmna-comment-les-institutions-abordent-cette-procedure-multidimensionnelle","status":"publish","type":"post","link":"https:\/\/swissmig.unine.ch\/?p=37514","title":{"rendered":"La complexit\u00e9 de l\u2019estimation de l\u2019\u00e2ge des RMNA : comment les institutions abordent cette proc\u00e9dure multidimensionnelle"},"content":{"rendered":"\n<h3 class=\"wp-block-heading\">Author(s) : Cinzia Chiesa<\/h3>\n\n\n\n<h3 class=\"wp-block-heading\">Source : <a href=\"https:\/\/serval.unil.ch\/resource\/serval:BIB_S_49931.P001\/REF\" target=\"_blank\" rel=\"noreferrer noopener\">https:\/\/serval.unil.ch\/resource\/serval:BIB_S_49931.P001\/REF<\/a><\/h3>\n\n\n\n<p><strong>Abstract<\/strong><\/p>\n\n\n\n<blockquote class=\"wp-block-quote is-layout-flow wp-block-quote-is-layout-flow\">\n<p>Ce travail porte sur la complexit\u00e9 de la proc\u00e9dure de l\u2019estimation de l\u2019\u00e2ge des requ\u00e9rant\u00b7e\u00b7s d\u2019asile mineur\u00b7e\u00b7s non accompagn\u00e9\u00b7e\u00b7s (RMNA). Au d\u00e9but de chaque proc\u00e9dure d\u2019asile des RMNA, les<br>mineur\u00b7e\u00b7s sont soumi\u00b7e\u00b7s \u00e0 une v\u00e9rification de leur \u00e2ge afin de le confirmer ou de l\u2019infirmer. En effet, dans le cadre de la proc\u00e9dure d\u2019asile le fait d\u2019\u00eatre \u00e2g\u00e9 de moins de 18 ans entra\u00eene un certain nombre de droits sp\u00e9cifiques, ainsi que des avantages. Cette \u00e9tude a donc pour but de comprendre comment se construit la proc\u00e9dure d\u2019estimation de l\u2019\u00e2ge et quels sont les enjeux qui en d\u00e9coulent.<\/p>\n\n\n\n<p><\/p>\n<\/blockquote>\n","protected":false},"excerpt":{"rendered":"<p>Author(s) : Cinzia Chiesa Source : https:\/\/serval.unil.ch\/resource\/serval:BIB_S_49931.P001\/REF Abstract Ce travail&#8230;<\/p>\n","protected":false},"author":4,"featured_media":0,"comment_status":"open","ping_status":"open","sticky":false,"template":"","format":"standard","meta":{"_kadence_starter_templates_imported_post":false,"_kad_post_transparent":"","_kad_post_title":"","_kad_post_layout":"","_kad_post_sidebar_id":"","_kad_post_content_style":"","_kad_post_vertical_padding":"","_kad_post_feature":"","_kad_post_feature_position":"","_kad_post_header":false,"_kad_post_footer":false,"_kad_post_classname":"","jetpack_post_was_ever_published":false,"_jetpack_newsletter_access":"","_jetpack_dont_email_post_to_subs":true,"_jetpack_newsletter_tier_id":0,"_jetpack_memberships_contains_paywalled_content":false,"_jetpack_memberships_contains_paid_content":false,"footnotes":""},"categories":[24],"tags":[739,111,112,318,52,128,319,91,621,64,262,118],"class_list":["post-37514","post","type-post","status-publish","format-standard","hentry","category-society-family-racism","tag-739","tag-asylum-applications","tag-asylum-procedure","tag-children","tag-french-language","tag-human-rights","tag-master-thesis","tag-social-integration","tag-street-level-bureaucracy","tag-unaccompanied-minors","tag-undocumented-immigrants","tag-youth"],"jetpack_featured_media_url":"","jetpack_sharing_enabled":true,"_links":{"self":[{"href":"https:\/\/swissmig.unine.ch\/index.php?rest_route=\/wp\/v2\/posts\/37514","targetHints":{"allow":["GET"]}}],"collection":[{"href":"https:\/\/swissmig.unine.ch\/index.php?rest_route=\/wp\/v2\/posts"}],"about":[{"href":"https:\/\/swissmig.unine.ch\/index.php?rest_route=\/wp\/v2\/types\/post"}],"author":[{"embeddable":true,"href":"https:\/\/swissmig.unine.ch\/index.php?rest_route=\/wp\/v2\/users\/4"}],"replies":[{"embeddable":true,"href":"https:\/\/swissmig.unine.ch\/index.php?rest_route=%2Fwp%2Fv2%2Fcomments&post=37514"}],"version-history":[{"count":0,"href":"https:\/\/swissmig.unine.ch\/index.php?rest_route=\/wp\/v2\/posts\/37514\/revisions"}],"wp:attachment":[{"href":"https:\/\/swissmig.unine.ch\/index.php?rest_route=%2Fwp%2Fv2%2Fmedia&parent=37514"}],"wp:term":[{"taxonomy":"category","embeddable":true,"href":"https:\/\/swissmig.unine.ch\/index.php?rest_route=%2Fwp%2Fv2%2Fcategories&post=37514"},{"taxonomy":"post_tag","embeddable":true,"href":"https:\/\/swissmig.unine.ch\/index.php?rest_route=%2Fwp%2Fv2%2Ftags&post=37514"}],"curies":[{"name":"wp","href":"https:\/\/api.w.org\/{rel}","templated":true}]}}