{"id":37508,"date":"2025-05-19T08:00:00","date_gmt":"2025-05-19T07:00:00","guid":{"rendered":"https:\/\/swissmig.wordpress.com\/?p=37508"},"modified":"2025-05-19T08:00:00","modified_gmt":"2025-05-19T07:00:00","slug":"rising-frames-of-euroscepticism-in-switzerland-in-times-of-crisis","status":"publish","type":"post","link":"https:\/\/swissmig.unine.ch\/?p=37508","title":{"rendered":"Rising frames of Euroscepticism in Switzerland in times of crisis?"},"content":{"rendered":"\n<h3 class=\"wp-block-heading\">Author(s) : Stephanie Pais Raposo<\/h3>\n\n\n\n<h3 class=\"wp-block-heading\">Source : <a href=\"https:\/\/doi.org\/10.25365\/thesis.73897\" target=\"_blank\" rel=\"noreferrer noopener\">https:\/\/doi.org\/10.25365\/thesis.73897<\/a><\/h3>\n\n\n\n<p><strong>Abstract: <\/strong><\/p>\n\n\n\n<!--more-->\n\n\n\n<blockquote class=\"wp-block-quote is-layout-flow wp-block-quote-is-layout-flow\">\n<p>In den letzten zehn Jahren hat die Schweizerische Volkspartei (SVP) Wahlk\u00e4mpfe mit einer ausgepr\u00e4gten Euroskepsis gef\u00fchrt. In dieser Arbeit soll der Einfluss der europ\u00e4ischen Fl\u00fcchtlingskrise auf die euroskeptischen Einstellungen der SVP analysiert werden, insbesondere vor, w\u00e4hrend und nach der europ\u00e4ischen Fl\u00fcchtlingskrise (2011-2020). Euroskepsis ist ein Merkmal, das h\u00e4ufig mit EU-Mitgliedstaaten in Verbindung gebracht wird, und die j\u00fcngste Literatur hat die Bedeutung von Krisen f\u00fcr den Anstieg der Euroskepsis hervorgehoben. Die Studie verwendet eine Diskursanalyse, die auf dem von Pirro und van Kessel (2018) entwickelten konzeptionellen Rahmen basiert, um den Rahmen des euroskeptischen Diskurses in den ver\u00f6ffentlichten Parteiprogrammen der SVP und anderen Ressourcen zu untersuchen. Der wichtige Beitrag dieser Studie besteht darin, die derzeitige Methodik zur Bewertung des Euroskeptizismus in EU-Mitgliedstaaten in Nicht-EU- Mitgliedstaaten zu testen und den in der akademischen Literatur unterrepr\u00e4sentierten Euroskeptizismus in der SVP hervorzuheben. Diese Arbeit ist die erste umfassende Untersuchung der Rhetorik der SVP in Bezug auf Euroskepsis und zeigt einen Zusammenhang zwischen Krisen, Euroskepsis und Wahlverhalten auf.<\/p>\n\n\n\n<p><strong>Schlagw\u00f6rter<\/strong>: Euroskepsis, europ\u00e4ische Fl\u00fcchtlingskrise, Schweiz, Schweizerische Volkspartei, Diskursanalyse<\/p>\n\n\n\n<p>In the past ten years, the Swiss People&#8217;s Party (SVP) has run election campaigns with a distinct Euroscepticism. This thesis seeks to analyze the impact of the European refugee crisis on the Eurosceptic frames of the SVP, specifically before, during, and after the European refugee crisis (2011-2020). Euroscepticism is a characteristic often associated with EU member states and recent literature has underscored the importance of crisis in the rise of Euroscepticism. The study will employ a discourse analysis based on the conceptual framework created by Pirro and van Kessel (2018) to investigate the frames of Eurosceptic discourse within the SVP&#8217;s published party programs and other resources. The important contribution of this study is the testing of the current methodology for assessing Euroscepticism in EU member states in non-EU member states, as well as highlighting the Euroscepticism found in the SVP, which is underrepresented in academic literature. This thesis is the first comprehensive investigation of the SVP\u2019s rhetoric in regard to Euroscepticism and identifies a link between crises, Euroscepticism, and voting behavior.<\/p>\n\n\n\n<p><strong>Keywords<\/strong>: Euroscepticism, European refugee crisis, Switzerland, Swiss People&#8217;s Party, discourse analysis<\/p>\n<\/blockquote>\n","protected":false},"excerpt":{"rendered":"<p>Author(s) : Stephanie Pais Raposo Source : https:\/\/doi.org\/10.25365\/thesis.73897 Abstract:<\/p>\n","protected":false},"author":4,"featured_media":0,"comment_status":"open","ping_status":"open","sticky":false,"template":"","format":"standard","meta":{"_kadence_starter_templates_imported_post":false,"_kad_post_transparent":"","_kad_post_title":"","_kad_post_layout":"","_kad_post_sidebar_id":"","_kad_post_content_style":"","_kad_post_vertical_padding":"","_kad_post_feature":"","_kad_post_feature_position":"","_kad_post_header":false,"_kad_post_footer":false,"_kad_post_classname":"","jetpack_post_was_ever_published":false,"_jetpack_newsletter_access":"","_jetpack_dont_email_post_to_subs":false,"_jetpack_newsletter_tier_id":0,"_jetpack_memberships_contains_paywalled_content":false,"_jetpack_memberships_contains_paid_content":false,"footnotes":""},"categories":[12],"tags":[739,777,146,9,82,27,319,36,11,95,800,254,257,96],"class_list":["post-37508","post","type-post","status-publish","format-standard","hentry","category-politics","tag-739","tag-crises","tag-discrimination","tag-english-language","tag-ethnic-discrimination","tag-european-union","tag-master-thesis","tag-migration-policy","tag-political-parties","tag-populism","tag-refugee-policy","tag-right-wing-radicalism","tag-stereotypes","tag-voting-behaviour"],"jetpack_featured_media_url":"","jetpack_sharing_enabled":true,"_links":{"self":[{"href":"https:\/\/swissmig.unine.ch\/index.php?rest_route=\/wp\/v2\/posts\/37508","targetHints":{"allow":["GET"]}}],"collection":[{"href":"https:\/\/swissmig.unine.ch\/index.php?rest_route=\/wp\/v2\/posts"}],"about":[{"href":"https:\/\/swissmig.unine.ch\/index.php?rest_route=\/wp\/v2\/types\/post"}],"author":[{"embeddable":true,"href":"https:\/\/swissmig.unine.ch\/index.php?rest_route=\/wp\/v2\/users\/4"}],"replies":[{"embeddable":true,"href":"https:\/\/swissmig.unine.ch\/index.php?rest_route=%2Fwp%2Fv2%2Fcomments&post=37508"}],"version-history":[{"count":0,"href":"https:\/\/swissmig.unine.ch\/index.php?rest_route=\/wp\/v2\/posts\/37508\/revisions"}],"wp:attachment":[{"href":"https:\/\/swissmig.unine.ch\/index.php?rest_route=%2Fwp%2Fv2%2Fmedia&parent=37508"}],"wp:term":[{"taxonomy":"category","embeddable":true,"href":"https:\/\/swissmig.unine.ch\/index.php?rest_route=%2Fwp%2Fv2%2Fcategories&post=37508"},{"taxonomy":"post_tag","embeddable":true,"href":"https:\/\/swissmig.unine.ch\/index.php?rest_route=%2Fwp%2Fv2%2Ftags&post=37508"}],"curies":[{"name":"wp","href":"https:\/\/api.w.org\/{rel}","templated":true}]}}