{"id":37499,"date":"2025-05-06T16:00:00","date_gmt":"2025-05-06T15:00:00","guid":{"rendered":"https:\/\/swissmig.wordpress.com\/?p=37499"},"modified":"2025-05-06T16:00:00","modified_gmt":"2025-05-06T15:00:00","slug":"limmigration-et-ses-espaces-geographie-des-populations-dorigine-etrangere-a-lausanne","status":"publish","type":"post","link":"https:\/\/swissmig.unine.ch\/?p=37499","title":{"rendered":"L&#8217;immigration et ses espaces : g\u00e9ographie des populations d&#8217;origine \u00e9trang\u00e8re \u00e0 Lausanne"},"content":{"rendered":"\n<h3 class=\"wp-block-heading\">Author(s) : Etienne Piguet<\/h3>\n\n\n\n<h3 class=\"wp-block-heading\">Source : <a href=\"https:\/\/doi.org\/10.5194\/gh-49-63-1994\" target=\"_blank\" rel=\"noreferrer noopener\">https:\/\/doi.org\/10.5194\/gh-49-63-1994<\/a><\/h3>\n\n\n\n<p><strong>Abstract<\/strong> <\/p>\n\n\n\n<p>Cet article \u00e9tudie la r\u00e9partition spatiale des personnes d&#8217;origine \u00e9trang\u00e8re dans l&#8217;agglom\u00e9ration lausannoise. A l&#8217;aide des m\u00e9thodes traditionnelles de l&#8217;\u00e9cologie factorielle urbaine, il tente de r\u00e9pondre \u00e0 la question de l&#8217;\u00b4\u00e9ventuelle s\u00e9gr\u00e9gation spatiale de ces populations selon les nationalit\u00e9s. En conclusion, il met en \u00e9vidence les limites de la m\u00e9thode utilis\u00e9e et la n\u00e9cessit\u00e9 d&#8217;une prise en compte du caract\u00e8re spatialement discontinu et socialement construit des ph\u00e9nom\u00e8nes d&#8217;int\u00e9gration et de s\u00e9gr\u00e9gation.<\/p>\n\n\n\n<blockquote class=\"wp-block-quote is-layout-flow wp-block-quote-is-layout-flow\">\n<p><\/p>\n\n\n\n<p><\/p>\n<\/blockquote>\n","protected":false},"excerpt":{"rendered":"<p>Author(s) : Etienne Piguet Source : https:\/\/doi.org\/10.5194\/gh-49-63-1994 Abstract Cet article&#8230;<\/p>\n","protected":false},"author":4,"featured_media":0,"comment_status":"open","ping_status":"open","sticky":false,"template":"","format":"standard","meta":{"_kadence_starter_templates_imported_post":false,"_kad_post_transparent":"","_kad_post_title":"","_kad_post_layout":"","_kad_post_sidebar_id":"","_kad_post_content_style":"","_kad_post_vertical_padding":"","_kad_post_feature":"","_kad_post_feature_position":"","_kad_post_header":false,"_kad_post_footer":false,"_kad_post_classname":"","jetpack_post_was_ever_published":false,"_jetpack_newsletter_access":"","_jetpack_dont_email_post_to_subs":true,"_jetpack_newsletter_tier_id":0,"_jetpack_memberships_contains_paywalled_content":false,"_jetpack_memberships_contains_paid_content":false,"footnotes":""},"categories":[109],"tags":[31,7,120,176,28,52,104,213,91,376,392],"class_list":["post-37499","post","type-post","status-publish","format-standard","hentry","category-human-geography","tag-31","tag-article","tag-data-analysis","tag-economic-integration","tag-foreigners","tag-french-language","tag-living-conditions","tag-segregation","tag-social-integration","tag-urban-areas","tag-urban-policy"],"jetpack_featured_media_url":"","jetpack_sharing_enabled":true,"_links":{"self":[{"href":"https:\/\/swissmig.unine.ch\/index.php?rest_route=\/wp\/v2\/posts\/37499","targetHints":{"allow":["GET"]}}],"collection":[{"href":"https:\/\/swissmig.unine.ch\/index.php?rest_route=\/wp\/v2\/posts"}],"about":[{"href":"https:\/\/swissmig.unine.ch\/index.php?rest_route=\/wp\/v2\/types\/post"}],"author":[{"embeddable":true,"href":"https:\/\/swissmig.unine.ch\/index.php?rest_route=\/wp\/v2\/users\/4"}],"replies":[{"embeddable":true,"href":"https:\/\/swissmig.unine.ch\/index.php?rest_route=%2Fwp%2Fv2%2Fcomments&post=37499"}],"version-history":[{"count":0,"href":"https:\/\/swissmig.unine.ch\/index.php?rest_route=\/wp\/v2\/posts\/37499\/revisions"}],"wp:attachment":[{"href":"https:\/\/swissmig.unine.ch\/index.php?rest_route=%2Fwp%2Fv2%2Fmedia&parent=37499"}],"wp:term":[{"taxonomy":"category","embeddable":true,"href":"https:\/\/swissmig.unine.ch\/index.php?rest_route=%2Fwp%2Fv2%2Fcategories&post=37499"},{"taxonomy":"post_tag","embeddable":true,"href":"https:\/\/swissmig.unine.ch\/index.php?rest_route=%2Fwp%2Fv2%2Ftags&post=37499"}],"curies":[{"name":"wp","href":"https:\/\/api.w.org\/{rel}","templated":true}]}}