{"id":37493,"date":"2025-05-12T08:00:00","date_gmt":"2025-05-12T07:00:00","guid":{"rendered":"https:\/\/swissmig.wordpress.com\/?p=37493"},"modified":"2025-05-12T08:00:00","modified_gmt":"2025-05-12T07:00:00","slug":"nachdenken-uber-die-un-moglichkeit-eines-rassismuskritischen-verlernraums-an-hochschulen-ein-theoriegestutzter-projektbericht","status":"publish","type":"post","link":"https:\/\/swissmig.unine.ch\/?p=37493","title":{"rendered":"Nachdenken \u00fcber die (Un-)M\u00f6glichkeit eines rassismuskritischen Verlernraums an Hochschulen. Ein theoriegest\u00fctzter Projektbericht"},"content":{"rendered":"\n<h3 class=\"wp-block-heading\">Author(s) : Stefanie Duttweiler<\/h3>\n\n\n\n<h3 class=\"wp-block-heading\">Source : <a href=\"https:\/\/link.springer.com\/chapter\/10.1007\/978-3-658-44988-9_14\" target=\"_blank\" rel=\"noreferrer noopener\">https:\/\/link.springer.com\/chapter\/10.1007\/978-3-658-44988-9_14<\/a><\/h3>\n\n\n\n<p><strong>Abstract: <\/strong><\/p>\n\n\n\n<!--more-->\n\n\n\n<blockquote class=\"wp-block-quote is-layout-flow wp-block-quote-is-layout-flow\">\n<p>Das rassismuskritische Projekt \u00abEmpowerment und Verlernen von Rassismus \u2013 ein exemplarischer Lernprozess f\u00fcr die Hochschule\u00bb nahm seinen Anfang in einem individuellen Coaching-Gespr\u00e4ch und f\u00fchrte zu einem Verlernraum f\u00fcr wei\u00dfe Lehrende und einem Empowermentraum f\u00fcr POC-Studierende. Um die konzeptionellen \u00dcberlegungen und die Erfahrungen des Verlernraums zu rahmen, wird \u2013 in Anlehnung an Anja Wei\u00df (2103) \u2013 auf das Theorieangebot von Bourdieu zur\u00fcckgegriffen.<\/p>\n<\/blockquote>\n","protected":false},"excerpt":{"rendered":"<p>Author(s) : Stefanie Duttweiler Source : https:\/\/link.springer.com\/chapter\/10.1007\/978-3-658-44988-9_14 Abstract:<\/p>\n","protected":false},"author":4,"featured_media":0,"comment_status":"open","ping_status":"open","sticky":false,"template":"","format":"standard","meta":{"_kadence_starter_templates_imported_post":false,"_kad_post_transparent":"","_kad_post_title":"","_kad_post_layout":"","_kad_post_sidebar_id":"","_kad_post_content_style":"","_kad_post_vertical_padding":"","_kad_post_feature":"","_kad_post_feature_position":"","_kad_post_header":false,"_kad_post_footer":false,"_kad_post_classname":"","jetpack_post_was_ever_published":false,"_jetpack_newsletter_access":"","_jetpack_dont_email_post_to_subs":false,"_jetpack_newsletter_tier_id":0,"_jetpack_memberships_contains_paywalled_content":false,"_jetpack_memberships_contains_paid_content":false,"footnotes":""},"categories":[24],"tags":[291,699,32,232,82,73,80,334,290],"class_list":["post-37493","post","type-post","status-publish","format-standard","hentry","category-society-family-racism","tag-291","tag-anti-racist-education","tag-book-chapter","tag-education","tag-ethnic-discrimination","tag-german-language","tag-higher-education","tag-racism","tag-students"],"jetpack_featured_media_url":"","jetpack_sharing_enabled":true,"_links":{"self":[{"href":"https:\/\/swissmig.unine.ch\/index.php?rest_route=\/wp\/v2\/posts\/37493","targetHints":{"allow":["GET"]}}],"collection":[{"href":"https:\/\/swissmig.unine.ch\/index.php?rest_route=\/wp\/v2\/posts"}],"about":[{"href":"https:\/\/swissmig.unine.ch\/index.php?rest_route=\/wp\/v2\/types\/post"}],"author":[{"embeddable":true,"href":"https:\/\/swissmig.unine.ch\/index.php?rest_route=\/wp\/v2\/users\/4"}],"replies":[{"embeddable":true,"href":"https:\/\/swissmig.unine.ch\/index.php?rest_route=%2Fwp%2Fv2%2Fcomments&post=37493"}],"version-history":[{"count":0,"href":"https:\/\/swissmig.unine.ch\/index.php?rest_route=\/wp\/v2\/posts\/37493\/revisions"}],"wp:attachment":[{"href":"https:\/\/swissmig.unine.ch\/index.php?rest_route=%2Fwp%2Fv2%2Fmedia&parent=37493"}],"wp:term":[{"taxonomy":"category","embeddable":true,"href":"https:\/\/swissmig.unine.ch\/index.php?rest_route=%2Fwp%2Fv2%2Fcategories&post=37493"},{"taxonomy":"post_tag","embeddable":true,"href":"https:\/\/swissmig.unine.ch\/index.php?rest_route=%2Fwp%2Fv2%2Ftags&post=37493"}],"curies":[{"name":"wp","href":"https:\/\/api.w.org\/{rel}","templated":true}]}}