{"id":37472,"date":"2025-05-05T08:00:00","date_gmt":"2025-05-05T07:00:00","guid":{"rendered":"https:\/\/swissmig.wordpress.com\/?p=37472"},"modified":"2025-05-05T08:00:00","modified_gmt":"2025-05-05T07:00:00","slug":"caracteristiques-socio-economiques-de-la-population-allemande-en-suisse-soziookonomische-merkmale-der-deutschen-bevolkerung-in-der-schweiz","status":"publish","type":"post","link":"https:\/\/swissmig.unine.ch\/?p=37472","title":{"rendered":"Caract\u00e9ristiques socio-\u00e9conomiques de la population allemande en Suisse = Sozio\u00f6konomische Merkmale der deutschen Bev\u00f6lkerung in der Schweiz"},"content":{"rendered":"\n<h3 class=\"wp-block-heading\">Author(s) : Ilka Steiner, Philippe Wanner<\/h3>\n\n\n\n<h3 class=\"wp-block-heading\">Source : FR : <a href=\"https:\/\/seismoverlag.ch\/site\/assets\/files\/20730\/oa_9782883517721.pdf\" target=\"_blank\" rel=\"noreferrer noopener\">https:\/\/seismoverlag.ch\/site\/assets\/files\/20730\/oa_9782883517721.pdf<\/a> \/ DE : <a href=\"https:\/\/seismoverlag.ch\/site\/assets\/files\/20727\/oa_9783037778999.pdf\">https:\/\/seismoverlag.ch\/site\/assets\/files\/20727\/oa_9783037778999.pdf<\/a><\/h3>\n\n\n\n<p><strong>Abstract<\/strong> N\/A<\/p>\n\n\n\n<blockquote class=\"wp-block-quote is-layout-flow wp-block-quote-is-layout-flow\">\n<p><\/p>\n\n\n\n<p><\/p>\n<\/blockquote>\n","protected":false},"excerpt":{"rendered":"<p>Author(s) : Ilka Steiner, Philippe Wanner Source : FR :&#8230;<\/p>\n","protected":false},"author":4,"featured_media":0,"comment_status":"open","ping_status":"open","sticky":false,"template":"","format":"standard","meta":{"_kadence_starter_templates_imported_post":false,"_kad_post_transparent":"","_kad_post_title":"","_kad_post_layout":"","_kad_post_sidebar_id":"","_kad_post_content_style":"","_kad_post_vertical_padding":"","_kad_post_feature":"","_kad_post_feature_position":"","_kad_post_header":false,"_kad_post_footer":false,"_kad_post_classname":"","jetpack_post_was_ever_published":false,"_jetpack_newsletter_access":"","_jetpack_dont_email_post_to_subs":false,"_jetpack_newsletter_tier_id":0,"_jetpack_memberships_contains_paywalled_content":false,"_jetpack_memberships_contains_paid_content":false,"footnotes":""},"categories":[24],"tags":[306,32,136,176,52,73,335,226,87,104,279,158],"class_list":["post-37472","post","type-post","status-publish","format-standard","hentry","category-society-family-racism","tag-306","tag-book-chapter","tag-diasporas","tag-economic-integration","tag-french-language","tag-german-language","tag-germans","tag-germany","tag-history","tag-living-conditions","tag-socioeconomic-factors","tag-working-conditions"],"jetpack_featured_media_url":"","jetpack_sharing_enabled":true,"_links":{"self":[{"href":"https:\/\/swissmig.unine.ch\/index.php?rest_route=\/wp\/v2\/posts\/37472","targetHints":{"allow":["GET"]}}],"collection":[{"href":"https:\/\/swissmig.unine.ch\/index.php?rest_route=\/wp\/v2\/posts"}],"about":[{"href":"https:\/\/swissmig.unine.ch\/index.php?rest_route=\/wp\/v2\/types\/post"}],"author":[{"embeddable":true,"href":"https:\/\/swissmig.unine.ch\/index.php?rest_route=\/wp\/v2\/users\/4"}],"replies":[{"embeddable":true,"href":"https:\/\/swissmig.unine.ch\/index.php?rest_route=%2Fwp%2Fv2%2Fcomments&post=37472"}],"version-history":[{"count":0,"href":"https:\/\/swissmig.unine.ch\/index.php?rest_route=\/wp\/v2\/posts\/37472\/revisions"}],"wp:attachment":[{"href":"https:\/\/swissmig.unine.ch\/index.php?rest_route=%2Fwp%2Fv2%2Fmedia&parent=37472"}],"wp:term":[{"taxonomy":"category","embeddable":true,"href":"https:\/\/swissmig.unine.ch\/index.php?rest_route=%2Fwp%2Fv2%2Fcategories&post=37472"},{"taxonomy":"post_tag","embeddable":true,"href":"https:\/\/swissmig.unine.ch\/index.php?rest_route=%2Fwp%2Fv2%2Ftags&post=37472"}],"curies":[{"name":"wp","href":"https:\/\/api.w.org\/{rel}","templated":true}]}}