{"id":37469,"date":"2025-05-05T08:00:00","date_gmt":"2025-05-05T07:00:00","guid":{"rendered":"https:\/\/swissmig.wordpress.com\/?p=37469"},"modified":"2025-05-05T08:00:00","modified_gmt":"2025-05-05T07:00:00","slug":"la-migration-portugaise-en-suisse-entre-changements-et-continuites-die-zuwanderung-aus-portugal-in-die-schweiz-zwischen-veranderung-und-kontinuitat","status":"publish","type":"post","link":"https:\/\/swissmig.unine.ch\/?p=37469","title":{"rendered":"La migration portugaise en Suisse : entre changements et continuit\u00e9s = Die Zuwanderung aus Portugal in die Schweiz: zwischen Ver\u00e4nderung und Kontinuit\u00e4t"},"content":{"rendered":"\n<h3 class=\"wp-block-heading\">Author(s) : Liliana Azevedo<\/h3>\n\n\n\n<h3 class=\"wp-block-heading\">Source : FR : <a href=\"https:\/\/seismoverlag.ch\/site\/assets\/files\/20730\/oa_9782883517721.pdf\" target=\"_blank\" rel=\"noreferrer noopener\">https:\/\/seismoverlag.ch\/site\/assets\/files\/20730\/oa_9782883517721.pdf<\/a> \/ DE : <a href=\"https:\/\/seismoverlag.ch\/site\/assets\/files\/20727\/oa_9783037778999.pdf\">https:\/\/seismoverlag.ch\/site\/assets\/files\/20727\/oa_9783037778999.pdf<\/a><\/h3>\n\n\n\n<p><strong>Abstract<\/strong> N\/A<\/p>\n\n\n\n<blockquote class=\"wp-block-quote is-layout-flow wp-block-quote-is-layout-flow\">\n<p><\/p>\n\n\n\n<p><\/p>\n<\/blockquote>\n","protected":false},"excerpt":{"rendered":"<p>Author(s) : Liliana Azevedo Source : FR : https:\/\/seismoverlag.ch\/site\/assets\/files\/20730\/oa_9782883517721.pdf \/&#8230;<\/p>\n","protected":false},"author":4,"featured_media":0,"comment_status":"open","ping_status":"open","sticky":false,"template":"","format":"standard","meta":{"_kadence_starter_templates_imported_post":false,"_kad_post_transparent":"","_kad_post_title":"","_kad_post_layout":"","_kad_post_sidebar_id":"","_kad_post_content_style":"","_kad_post_vertical_padding":"","_kad_post_feature":"","_kad_post_feature_position":"","_kad_post_header":false,"_kad_post_footer":false,"_kad_post_classname":"","jetpack_post_was_ever_published":false,"_jetpack_newsletter_access":"","_jetpack_dont_email_post_to_subs":false,"_jetpack_newsletter_tier_id":0,"_jetpack_memberships_contains_paywalled_content":false,"_jetpack_memberships_contains_paid_content":false,"footnotes":""},"categories":[43],"tags":[306,32,136,52,73,87,20,139,140,46],"class_list":["post-37469","post","type-post","status-publish","format-standard","hentry","category-the-migration-phenomenon","tag-306","tag-book-chapter","tag-diasporas","tag-french-language","tag-german-language","tag-history","tag-migration-flows","tag-portugal","tag-portuguese","tag-return-migration"],"jetpack_featured_media_url":"","jetpack_sharing_enabled":true,"_links":{"self":[{"href":"https:\/\/swissmig.unine.ch\/index.php?rest_route=\/wp\/v2\/posts\/37469","targetHints":{"allow":["GET"]}}],"collection":[{"href":"https:\/\/swissmig.unine.ch\/index.php?rest_route=\/wp\/v2\/posts"}],"about":[{"href":"https:\/\/swissmig.unine.ch\/index.php?rest_route=\/wp\/v2\/types\/post"}],"author":[{"embeddable":true,"href":"https:\/\/swissmig.unine.ch\/index.php?rest_route=\/wp\/v2\/users\/4"}],"replies":[{"embeddable":true,"href":"https:\/\/swissmig.unine.ch\/index.php?rest_route=%2Fwp%2Fv2%2Fcomments&post=37469"}],"version-history":[{"count":0,"href":"https:\/\/swissmig.unine.ch\/index.php?rest_route=\/wp\/v2\/posts\/37469\/revisions"}],"wp:attachment":[{"href":"https:\/\/swissmig.unine.ch\/index.php?rest_route=%2Fwp%2Fv2%2Fmedia&parent=37469"}],"wp:term":[{"taxonomy":"category","embeddable":true,"href":"https:\/\/swissmig.unine.ch\/index.php?rest_route=%2Fwp%2Fv2%2Fcategories&post=37469"},{"taxonomy":"post_tag","embeddable":true,"href":"https:\/\/swissmig.unine.ch\/index.php?rest_route=%2Fwp%2Fv2%2Ftags&post=37469"}],"curies":[{"name":"wp","href":"https:\/\/api.w.org\/{rel}","templated":true}]}}