{"id":37463,"date":"2025-04-28T08:00:00","date_gmt":"2025-04-28T07:00:00","guid":{"rendered":"https:\/\/swissmig.wordpress.com\/?p=37463"},"modified":"2025-04-28T08:00:00","modified_gmt":"2025-04-28T07:00:00","slug":"kolonialismus-die-schweiz-und-ich-entwicklung-einer-unterrichtseinheit-im-fach-geschichte-auf-der-sekundarstufe-i","status":"publish","type":"post","link":"https:\/\/swissmig.unine.ch\/?p=37463","title":{"rendered":"Kolonialismus, die Schweiz und ich. Entwicklung einer Unterrichtseinheit im Fach Geschichte auf der Sekundarstufe I"},"content":{"rendered":"\n<h3 class=\"wp-block-heading\">Author(s) : Lukas Scheidegger<\/h3>\n\n\n\n<h3 class=\"wp-block-heading\">Source : <a href=\"https:\/\/doi.org\/10.26041\/fhnw-12276\" target=\"_blank\" rel=\"noreferrer noopener\">https:\/\/doi.org\/10.26041\/fhnw-12276<\/a> <\/h3>\n\n\n\n<p><strong>Abstract<\/strong> N\/A<\/p>\n\n\n\n<blockquote class=\"wp-block-quote is-layout-flow wp-block-quote-is-layout-flow\">\n<p>&#8220;Die Zeit des Kolonialismus hat in europ\u00e4ischen und aussereurop\u00e4ischen Gesellschaften ihre Spuren hinterlassen und pr\u00e4gen die Vorstellungen \u00fcber andere Menschen und Kulturen bis heute. Die Auseinandersetzung mit diesem Erbe hat aber teilweise erst sp\u00e4t begonnen, besonders was die Beteiligung von Akteuren aus der Schweiz anbelangt. In dieser Arbeit steht die Frage \u201eWie lassen sich die Themen Geschichte des Kolonialismus, Schweizer Beteiligung und aktuelle Debatten mithilfe von eigenst\u00e4ndigem Lernen sinnvoll vermitteln?\u201c im Zentrum. Das Ziel ist die Schaffung eines soliden Basiswissens und eine kritische Auseinandersetzung der Sch\u00fclerinnen und Sch\u00fcler mit dem Thema in einer Unterrichtseinheit. Dazu wird zuerst eine fachdidaktische Grundlage gelegt, indem die Fragen \u201eWas ist Kolonialismus \u00fcberhaupt?\u201c und \u201eInwiefern waren Personen aus der Schweiz daran beteiligt?\u201c beantwortet werden. Basierend auf aktueller Fachliteratur werden die Bereiche Politik, Wirtschaft und Soziales zur Zeit des Kolonialismus aus fachdidaktischer Perspektive beleuchtet und aufgezeigt, wie Personen aus der Schweiz in diesen Feldern t\u00e4tig waren.&#8221;<\/p>\n\n\n\n<p><\/p>\n<\/blockquote>\n","protected":false},"excerpt":{"rendered":"<p>Author(s) : Lukas Scheidegger Source : https:\/\/doi.org\/10.26041\/fhnw-12276 Abstract N\/A &#8220;Die&#8230;<\/p>\n","protected":false},"author":4,"featured_media":0,"comment_status":"open","ping_status":"open","sticky":false,"template":"","format":"standard","meta":{"_kadence_starter_templates_imported_post":false,"_kad_post_transparent":"","_kad_post_title":"","_kad_post_layout":"","_kad_post_sidebar_id":"","_kad_post_content_style":"","_kad_post_vertical_padding":"","_kad_post_feature":"","_kad_post_feature_position":"","_kad_post_header":false,"_kad_post_footer":false,"_kad_post_classname":"","jetpack_post_was_ever_published":false,"_jetpack_newsletter_access":"","_jetpack_dont_email_post_to_subs":false,"_jetpack_newsletter_tier_id":0,"_jetpack_memberships_contains_paywalled_content":false,"_jetpack_memberships_contains_paid_content":false,"footnotes":""},"categories":[61],"tags":[306,699,318,545,77,275,73,87,276,319,334,441],"class_list":["post-37463","post","type-post","status-publish","format-standard","hentry","category-education","tag-306","tag-anti-racist-education","tag-children","tag-colonialism","tag-education-policy","tag-educational-programmes","tag-german-language","tag-history","tag-literature-review","tag-master-thesis","tag-racism","tag-teaching-materials"],"jetpack_featured_media_url":"","jetpack_sharing_enabled":true,"_links":{"self":[{"href":"https:\/\/swissmig.unine.ch\/index.php?rest_route=\/wp\/v2\/posts\/37463","targetHints":{"allow":["GET"]}}],"collection":[{"href":"https:\/\/swissmig.unine.ch\/index.php?rest_route=\/wp\/v2\/posts"}],"about":[{"href":"https:\/\/swissmig.unine.ch\/index.php?rest_route=\/wp\/v2\/types\/post"}],"author":[{"embeddable":true,"href":"https:\/\/swissmig.unine.ch\/index.php?rest_route=\/wp\/v2\/users\/4"}],"replies":[{"embeddable":true,"href":"https:\/\/swissmig.unine.ch\/index.php?rest_route=%2Fwp%2Fv2%2Fcomments&post=37463"}],"version-history":[{"count":0,"href":"https:\/\/swissmig.unine.ch\/index.php?rest_route=\/wp\/v2\/posts\/37463\/revisions"}],"wp:attachment":[{"href":"https:\/\/swissmig.unine.ch\/index.php?rest_route=%2Fwp%2Fv2%2Fmedia&parent=37463"}],"wp:term":[{"taxonomy":"category","embeddable":true,"href":"https:\/\/swissmig.unine.ch\/index.php?rest_route=%2Fwp%2Fv2%2Fcategories&post=37463"},{"taxonomy":"post_tag","embeddable":true,"href":"https:\/\/swissmig.unine.ch\/index.php?rest_route=%2Fwp%2Fv2%2Ftags&post=37463"}],"curies":[{"name":"wp","href":"https:\/\/api.w.org\/{rel}","templated":true}]}}