{"id":37459,"date":"2025-04-08T16:00:00","date_gmt":"2025-04-08T15:00:00","guid":{"rendered":"https:\/\/swissmig.wordpress.com\/?p=37459"},"modified":"2025-04-08T16:00:00","modified_gmt":"2025-04-08T15:00:00","slug":"lecole-face-aux-nouvelles-mobilites-un-dispositif-pour-promouvoir-la-reconnaissance-des-enfants-et-des-familles-de-requerant%c2%b7e%c2%b7s-dasile-en-suisse-romande","status":"publish","type":"post","link":"https:\/\/swissmig.unine.ch\/?p=37459","title":{"rendered":"L\u2019\u00e9cole face aux nouvelles mobilit\u00e9s. Un dispositif pour promouvoir la reconnaissance des enfants et des familles de requ\u00e9rant\u00b7e\u00b7s d\u2019asile en Suisse romande"},"content":{"rendered":"\n<h3 class=\"wp-block-heading\"><strong>Author(s)<\/strong> : Margarita Sanchez-Mazas, Genevi\u00e8ve Mottet<\/h3>\n\n\n\n<h3 class=\"wp-block-heading\">Source : <a href=\"https:\/\/doi.org\/10.24452\/sjer.43.2.7\" target=\"_blank\" rel=\"noreferrer noopener\">https:\/\/doi.org\/10.24452\/sjer.43.2.7 <\/a> \/<\/h3>\n\n\n\n<p><strong>Abstract<\/strong> <\/p>\n\n\n\n<blockquote class=\"wp-block-quote is-layout-flow wp-block-quote-is-layout-flow\">\n<p>Les \u00e9coles accueillent aujourd\u2019hui des \u00e9l\u00e8ves issu\u00b7e\u00b7s de nouvelles migrations, plus mobiles et instables, qui questionnent le mod\u00e8le de l\u2019int\u00e9gration scolaire. La m\u00e9connaissance des trajectoires de ces enfants, \u00e0 la scolarit\u00e9 chaotique ou absente, et les d\u00e9placements incessants, ne permettent pas aux enseignant\u00b7e\u00b7s d\u2019inscrire leur pratique dans la continuit\u00e9. Cet article pr\u00e9sente un travail d\u2019enqu\u00eate comprenant des \u00e9valuations en langue d\u2019origine des comp\u00e9tences et besoins d\u2019enfants de requ\u00e9rant\u00b7e\u00b7s d\u2019asile et documente diff\u00e9rents aspects de leur exp\u00e9rience. La question d\u2019\u00e9quiper les enseignant\u00b7e\u00b7s et d\u2019ouvrir les \u00e9coles \u00e0 la scolarisation d\u2019\u00e9l\u00e8ves migrant\u00b7e\u00b7s issu\u00b7e\u00b7s des \u00ab\u00a0nouvelles mobilit\u00e9s\u00a0\u00bb sera discut\u00e9e \u00e0 la lumi\u00e8re de l\u2019approche de la reconnaissance.<\/p>\n\n\n\n<p><strong>Mots-cl\u00e9s<\/strong> : Droit de l\u2019enfant \u00e0 l\u2019\u00e9ducation ; \u00e9valuations en langue d\u2019origine ; scolarisation de migrant\u00b7e\u00b7s ; requ\u00e9rant\u00b7e\u00b7s d\u2019asile ; apprentissages informels ; reconnaissance<\/p>\n<\/blockquote>\n","protected":false},"excerpt":{"rendered":"<p>Author(s) : Margarita Sanchez-Mazas, Genevi\u00e8ve Mottet Source : https:\/\/doi.org\/10.24452\/sjer.43.2.7 \/&#8230;<\/p>\n","protected":false},"author":4,"featured_media":0,"comment_status":"open","ping_status":"open","sticky":false,"template":"","format":"standard","meta":{"_kadence_starter_templates_imported_post":false,"_kad_post_transparent":"","_kad_post_title":"","_kad_post_layout":"","_kad_post_sidebar_id":"","_kad_post_content_style":"","_kad_post_vertical_padding":"","_kad_post_feature":"","_kad_post_feature_position":"","_kad_post_header":false,"_kad_post_footer":false,"_kad_post_classname":"","jetpack_post_was_ever_published":false,"_jetpack_newsletter_access":"","_jetpack_dont_email_post_to_subs":true,"_jetpack_newsletter_tier_id":0,"_jetpack_memberships_contains_paywalled_content":false,"_jetpack_memberships_contains_paid_content":false,"footnotes":""},"categories":[61],"tags":[693,7,50,318,409,77,229,79,52,236,110,90,117,91],"class_list":["post-37459","post","type-post","status-publish","format-standard","hentry","category-education","tag-693","tag-article","tag-asylum-seekers","tag-children","tag-cultural-diversity","tag-education-policy","tag-educational-attainment","tag-equal-opportunities","tag-french-language","tag-language-barriers","tag-mobility","tag-reception-policy","tag-school-integration","tag-social-integration"],"jetpack_featured_media_url":"","jetpack_sharing_enabled":true,"_links":{"self":[{"href":"https:\/\/swissmig.unine.ch\/index.php?rest_route=\/wp\/v2\/posts\/37459","targetHints":{"allow":["GET"]}}],"collection":[{"href":"https:\/\/swissmig.unine.ch\/index.php?rest_route=\/wp\/v2\/posts"}],"about":[{"href":"https:\/\/swissmig.unine.ch\/index.php?rest_route=\/wp\/v2\/types\/post"}],"author":[{"embeddable":true,"href":"https:\/\/swissmig.unine.ch\/index.php?rest_route=\/wp\/v2\/users\/4"}],"replies":[{"embeddable":true,"href":"https:\/\/swissmig.unine.ch\/index.php?rest_route=%2Fwp%2Fv2%2Fcomments&post=37459"}],"version-history":[{"count":0,"href":"https:\/\/swissmig.unine.ch\/index.php?rest_route=\/wp\/v2\/posts\/37459\/revisions"}],"wp:attachment":[{"href":"https:\/\/swissmig.unine.ch\/index.php?rest_route=%2Fwp%2Fv2%2Fmedia&parent=37459"}],"wp:term":[{"taxonomy":"category","embeddable":true,"href":"https:\/\/swissmig.unine.ch\/index.php?rest_route=%2Fwp%2Fv2%2Fcategories&post=37459"},{"taxonomy":"post_tag","embeddable":true,"href":"https:\/\/swissmig.unine.ch\/index.php?rest_route=%2Fwp%2Fv2%2Ftags&post=37459"}],"curies":[{"name":"wp","href":"https:\/\/api.w.org\/{rel}","templated":true}]}}