{"id":37455,"date":"2025-04-28T08:00:00","date_gmt":"2025-04-28T07:00:00","guid":{"rendered":"https:\/\/swissmig.wordpress.com\/?p=37455"},"modified":"2025-04-28T08:00:00","modified_gmt":"2025-04-28T07:00:00","slug":"mental-health-consultations-in-immigration-detention-what-can-we-learn-from-clinical-records","status":"publish","type":"post","link":"https:\/\/swissmig.unine.ch\/?p=37455","title":{"rendered":"Mental Health Consultations in Immigration Detention: What Can We Learn From Clinical Records?"},"content":{"rendered":"\n<h3 class=\"wp-block-heading\">Author(s) : Leonel C. Gon\u00e7alves, Patrick Heller, Anne-Claire B. Bachmann, Jonathan Barbolini, Clara Fuhrer, Laurent G\u00e9taz, Eric Luke, Hans Wolff, St\u00e9phanie Baggio<\/h3>\n\n\n\n<h3 class=\"wp-block-heading\">Source : <a href=\"https:\/\/doi.org\/10.3389\/ijph.2024.1605896\" target=\"_blank\" rel=\"noreferrer noopener\">https:\/\/doi.org\/10.3389\/ijph.2024.1605896 <\/a><\/h3>\n\n\n\n<p><strong>Abstract: <\/strong><\/p>\n\n\n\n<!--more-->\n\n\n\n<blockquote class=\"wp-block-quote is-layout-flow wp-block-quote-is-layout-flow\">\n<p>Knowledge on mental health consultations in immigration detention and characteristics of people receiving consultations is scarce. Based on a sample of 230 adult men in immigration detention in Switzerland, we aimed to: (1) Quantify the proportion of persons receiving mental health consultations during detention; and (2) Identify socio-demographic and clinical characteristics associated with mental health consultations.<\/p>\n<\/blockquote>\n","protected":false},"excerpt":{"rendered":"<p>Author(s) : Leonel C. Gon\u00e7alves, Patrick Heller, Anne-Claire B. Bachmann,&#8230;<\/p>\n","protected":false},"author":4,"featured_media":0,"comment_status":"open","ping_status":"open","sticky":false,"template":"","format":"standard","meta":{"_kadence_starter_templates_imported_post":false,"_kad_post_transparent":"","_kad_post_title":"","_kad_post_layout":"","_kad_post_sidebar_id":"","_kad_post_content_style":"","_kad_post_vertical_padding":"","_kad_post_feature":"","_kad_post_feature_position":"","_kad_post_header":false,"_kad_post_footer":false,"_kad_post_classname":"","jetpack_post_was_ever_published":false,"_jetpack_newsletter_access":"","_jetpack_dont_email_post_to_subs":false,"_jetpack_newsletter_tier_id":0,"_jetpack_memberships_contains_paywalled_content":false,"_jetpack_memberships_contains_paid_content":false,"footnotes":""},"categories":[59],"tags":[291,762,7,269,9,148,329,185,445,480,377,103,143],"class_list":["post-37455","post","type-post","status-publish","format-standard","hentry","category-health","tag-291","tag-access-to-mental-health-care","tag-article","tag-detention","tag-english-language","tag-gender","tag-immigration-detention","tag-mental-health","tag-prisons","tag-public-health","tag-quantitative-research","tag-refugees","tag-statistical-data"],"jetpack_featured_media_url":"","jetpack_sharing_enabled":true,"_links":{"self":[{"href":"https:\/\/swissmig.unine.ch\/index.php?rest_route=\/wp\/v2\/posts\/37455","targetHints":{"allow":["GET"]}}],"collection":[{"href":"https:\/\/swissmig.unine.ch\/index.php?rest_route=\/wp\/v2\/posts"}],"about":[{"href":"https:\/\/swissmig.unine.ch\/index.php?rest_route=\/wp\/v2\/types\/post"}],"author":[{"embeddable":true,"href":"https:\/\/swissmig.unine.ch\/index.php?rest_route=\/wp\/v2\/users\/4"}],"replies":[{"embeddable":true,"href":"https:\/\/swissmig.unine.ch\/index.php?rest_route=%2Fwp%2Fv2%2Fcomments&post=37455"}],"version-history":[{"count":0,"href":"https:\/\/swissmig.unine.ch\/index.php?rest_route=\/wp\/v2\/posts\/37455\/revisions"}],"wp:attachment":[{"href":"https:\/\/swissmig.unine.ch\/index.php?rest_route=%2Fwp%2Fv2%2Fmedia&parent=37455"}],"wp:term":[{"taxonomy":"category","embeddable":true,"href":"https:\/\/swissmig.unine.ch\/index.php?rest_route=%2Fwp%2Fv2%2Fcategories&post=37455"},{"taxonomy":"post_tag","embeddable":true,"href":"https:\/\/swissmig.unine.ch\/index.php?rest_route=%2Fwp%2Fv2%2Ftags&post=37455"}],"curies":[{"name":"wp","href":"https:\/\/api.w.org\/{rel}","templated":true}]}}