{"id":37451,"date":"2025-04-08T15:00:00","date_gmt":"2025-04-08T14:00:00","guid":{"rendered":"https:\/\/swissmig.wordpress.com\/?p=37451"},"modified":"2025-04-08T15:00:00","modified_gmt":"2025-04-08T14:00:00","slug":"laccueil-scolaire-deleves-nouvellement-arrives-en-suisse-tensions-entre-separation-et-inclusion","status":"publish","type":"post","link":"https:\/\/swissmig.unine.ch\/?p=37451","title":{"rendered":"L\u2019accueil scolaire d\u2019\u00e9l\u00e8ves nouvellement arriv\u00e9s en Suisse : tensions entre s\u00e9paration et inclusion"},"content":{"rendered":"\n<h3 class=\"wp-block-heading\">Author(s) : Christiane Perregaux, Nilima Changkakoti,<br>Val\u00e9rie Hutter, Myriam Gremion<\/h3>\n\n\n\n<h3 class=\"wp-block-heading\">Source : <a href=\"https:\/\/access.archive-ouverte.unige.ch\/access\/metadata\/a2efb4a5-dee6-4654-beef-8f7fecb6c237\/download\" target=\"_blank\" rel=\"noreferrer noopener\">https:\/\/access.archive-ouverte.unige.ch\/access\/metadata\/a2efb4a5-dee6-4654-beef-8f7fecb6c237\/download<\/a> \/ <\/h3>\n\n\n\n<p><strong>Abstract<\/strong> N\/A<\/p>\n\n\n\n<blockquote class=\"wp-block-quote is-layout-flow wp-block-quote-is-layout-flow\">\n<p><\/p>\n<\/blockquote>\n","protected":false},"excerpt":{"rendered":"<p>Author(s) : Christiane Perregaux, Nilima Changkakoti,Val\u00e9rie Hutter, Myriam Gremion Source&#8230;<\/p>\n","protected":false},"author":4,"featured_media":0,"comment_status":"open","ping_status":"open","sticky":false,"template":"","format":"standard","meta":{"_kadence_starter_templates_imported_post":false,"_kad_post_transparent":"","_kad_post_title":"","_kad_post_layout":"","_kad_post_sidebar_id":"","_kad_post_content_style":"","_kad_post_vertical_padding":"","_kad_post_feature":"","_kad_post_feature_position":"","_kad_post_header":false,"_kad_post_footer":false,"_kad_post_classname":"","jetpack_post_was_ever_published":false,"_jetpack_newsletter_access":"","_jetpack_dont_email_post_to_subs":true,"_jetpack_newsletter_tier_id":0,"_jetpack_memberships_contains_paywalled_content":false,"_jetpack_memberships_contains_paid_content":false,"footnotes":""},"categories":[61],"tags":[134,7,318,409,77,229,79,147,52,236,90,103,117,91],"class_list":["post-37451","post","type-post","status-publish","format-standard","hentry","category-education","tag-134","tag-article","tag-children","tag-cultural-diversity","tag-education-policy","tag-educational-attainment","tag-equal-opportunities","tag-family-reunification","tag-french-language","tag-language-barriers","tag-reception-policy","tag-refugees","tag-school-integration","tag-social-integration"],"jetpack_featured_media_url":"","jetpack_sharing_enabled":true,"_links":{"self":[{"href":"https:\/\/swissmig.unine.ch\/index.php?rest_route=\/wp\/v2\/posts\/37451","targetHints":{"allow":["GET"]}}],"collection":[{"href":"https:\/\/swissmig.unine.ch\/index.php?rest_route=\/wp\/v2\/posts"}],"about":[{"href":"https:\/\/swissmig.unine.ch\/index.php?rest_route=\/wp\/v2\/types\/post"}],"author":[{"embeddable":true,"href":"https:\/\/swissmig.unine.ch\/index.php?rest_route=\/wp\/v2\/users\/4"}],"replies":[{"embeddable":true,"href":"https:\/\/swissmig.unine.ch\/index.php?rest_route=%2Fwp%2Fv2%2Fcomments&post=37451"}],"version-history":[{"count":0,"href":"https:\/\/swissmig.unine.ch\/index.php?rest_route=\/wp\/v2\/posts\/37451\/revisions"}],"wp:attachment":[{"href":"https:\/\/swissmig.unine.ch\/index.php?rest_route=%2Fwp%2Fv2%2Fmedia&parent=37451"}],"wp:term":[{"taxonomy":"category","embeddable":true,"href":"https:\/\/swissmig.unine.ch\/index.php?rest_route=%2Fwp%2Fv2%2Fcategories&post=37451"},{"taxonomy":"post_tag","embeddable":true,"href":"https:\/\/swissmig.unine.ch\/index.php?rest_route=%2Fwp%2Fv2%2Ftags&post=37451"}],"curies":[{"name":"wp","href":"https:\/\/api.w.org\/{rel}","templated":true}]}}