{"id":37425,"date":"2025-03-25T16:00:00","date_gmt":"2025-03-25T15:00:00","guid":{"rendered":"https:\/\/swissmig.wordpress.com\/?p=37425"},"modified":"2025-03-25T16:00:00","modified_gmt":"2025-03-25T15:00:00","slug":"lemigration-suisse-hors-deurope-dans-lentre-deux-guerres-1919-a-1939","status":"publish","type":"post","link":"https:\/\/swissmig.unine.ch\/?p=37425","title":{"rendered":"L&#8217;\u00e9migration Suisse hors d&#8217;Europe dans l&#8217;entre-deux-guerres (1919 \u00e0 1939)"},"content":{"rendered":"\n<h3 class=\"wp-block-heading\">Author(s) : Hermann E. Vogel<\/h3>\n\n\n\n<h3 class=\"wp-block-heading\">Source : <a href=\"https:\/\/doi.org\/10.5169\/seals-33224\" target=\"_blank\" rel=\"noreferrer noopener\">https:\/\/doi.org\/10.5169\/seals-33224<\/a><\/h3>\n\n\n\n<p><strong>Abstract: <\/strong><\/p>\n\n\n\n<!--more-->\n\n\n\n<blockquote class=\"wp-block-quote is-layout-flow wp-block-quote-is-layout-flow\">\n<p>&#8220;II parait impossible d\u2019\u00e9tudier une partie quelconque de l&#8217;histoire de l\u2019humanit\u00e9 sans faire intervenir le probl\u00e8me des migrations, c\u2019est-\u00e0-dire des mouvements de populations ou d&#8217;individus d&#8217;une r\u00e9gion ou d&#8217;un pays \u00e0 l&#8217;autre. Le d\u00e9sir d\u2019am\u00e9liorer une situation \u00e9conomique ou sociale difficile a toujours pouss\u00e9 certains individus \u00e0 aller s\u2019\u00e9tablir dans un milieu physique et \u00e9conomique plus favorable. Des \u00e9v\u00e9nements particuliers ont largement influ\u00e9 sur le mouvement d\u2019\u00e9migration, son amplitude et sa direction. Ainsi, la d\u00e9couverte du Nouveau-Monde inaugura l\u2019\u00e9poque des migrations transoc\u00e9aniques. Toutefois, celles-ci n&#8217;ont pu tout de suite prendre une grande envergure, et elles ont eu d&#8217;abord moins d&#8217;importance que les migrations continentales.&#8221;<\/p>\n<\/blockquote>\n","protected":false},"excerpt":{"rendered":"<p>Author(s) : Hermann E. Vogel Source : https:\/\/doi.org\/10.5169\/seals-33224 Abstract:<\/p>\n","protected":false},"author":4,"featured_media":0,"comment_status":"open","ping_status":"open","sticky":false,"template":"","format":"standard","meta":{"_kadence_starter_templates_imported_post":false,"_kad_post_transparent":"","_kad_post_title":"","_kad_post_layout":"","_kad_post_sidebar_id":"","_kad_post_content_style":"","_kad_post_vertical_padding":"","_kad_post_feature":"","_kad_post_feature_position":"","_kad_post_header":false,"_kad_post_footer":false,"_kad_post_classname":"","jetpack_post_was_ever_published":false,"_jetpack_newsletter_access":"","_jetpack_dont_email_post_to_subs":true,"_jetpack_newsletter_tier_id":0,"_jetpack_memberships_contains_paywalled_content":false,"_jetpack_memberships_contains_paid_content":false,"footnotes":""},"categories":[35],"tags":[811,457,7,120,137,613,52,108,547,20,279],"class_list":["post-37425","post","type-post","status-publish","format-standard","hentry","category-history","tag-811","tag-americas","tag-article","tag-data-analysis","tag-emigration","tag-forced-migration","tag-french-language","tag-geography","tag-interwar-period","tag-migration-flows","tag-socioeconomic-factors"],"jetpack_featured_media_url":"","jetpack_sharing_enabled":true,"_links":{"self":[{"href":"https:\/\/swissmig.unine.ch\/index.php?rest_route=\/wp\/v2\/posts\/37425","targetHints":{"allow":["GET"]}}],"collection":[{"href":"https:\/\/swissmig.unine.ch\/index.php?rest_route=\/wp\/v2\/posts"}],"about":[{"href":"https:\/\/swissmig.unine.ch\/index.php?rest_route=\/wp\/v2\/types\/post"}],"author":[{"embeddable":true,"href":"https:\/\/swissmig.unine.ch\/index.php?rest_route=\/wp\/v2\/users\/4"}],"replies":[{"embeddable":true,"href":"https:\/\/swissmig.unine.ch\/index.php?rest_route=%2Fwp%2Fv2%2Fcomments&post=37425"}],"version-history":[{"count":0,"href":"https:\/\/swissmig.unine.ch\/index.php?rest_route=\/wp\/v2\/posts\/37425\/revisions"}],"wp:attachment":[{"href":"https:\/\/swissmig.unine.ch\/index.php?rest_route=%2Fwp%2Fv2%2Fmedia&parent=37425"}],"wp:term":[{"taxonomy":"category","embeddable":true,"href":"https:\/\/swissmig.unine.ch\/index.php?rest_route=%2Fwp%2Fv2%2Fcategories&post=37425"},{"taxonomy":"post_tag","embeddable":true,"href":"https:\/\/swissmig.unine.ch\/index.php?rest_route=%2Fwp%2Fv2%2Ftags&post=37425"}],"curies":[{"name":"wp","href":"https:\/\/api.w.org\/{rel}","templated":true}]}}