{"id":37423,"date":"2025-03-25T16:00:00","date_gmt":"2025-03-25T15:00:00","guid":{"rendered":"https:\/\/swissmig.wordpress.com\/?p=37423"},"modified":"2025-03-25T16:00:00","modified_gmt":"2025-03-25T15:00:00","slug":"les-poles-dattraction-de-lemigration-suisse","status":"publish","type":"post","link":"https:\/\/swissmig.unine.ch\/?p=37423","title":{"rendered":"Les p\u00f4les d&#8217;attraction de l&#8217;\u00e9migration suisse"},"content":{"rendered":"\n<h3 class=\"wp-block-heading\">Author(s) : Georges Lobsiger<\/h3>\n\n\n\n<h3 class=\"wp-block-heading\">Source : <a href=\"https:\/\/doi.org\/10.3406\/globe.1946.3114\" target=\"_blank\" rel=\"noreferrer noopener\">https:\/\/doi.org\/10.3406\/globe.1946.3114<\/a><\/h3>\n\n\n\n<p><strong>Abstract: <\/strong><\/p>\n\n\n\n<!--more-->\n\n\n\n<blockquote class=\"wp-block-quote is-layout-flow wp-block-quote-is-layout-flow\">\n<p>&#8220;Comme apr\u00e8s chaque p\u00e9riode de crise, on parle beaucoup, depuis quelque temps, d&#8217;\u00e9migration. Mais pas toujours en connaissance de cause. Tel ne fut certainement pas le cas de M. Georges Lobsiger qui traita de ce sujet \u00e0 la Soci\u00e9t\u00e9 de g\u00e9ographie. Un long s\u00e9jour en Am\u00e9rique du Sud, o\u00f9 il fut tour \u00e0 tour topographe et explorateur, a initi\u00e9 M. Lobsiger aux multiples probl\u00e8mes que pose l&#8217;\u00e9migration. De retour au pays, notre compatriote en a poursuivi l&#8217;\u00e9tude en d\u00e9pouillant les statistiques publi\u00e9es, de 1887 \u00e0 1938, par le Bureau f\u00e9d\u00e9ral de l&#8217;\u00e9migration outre mer. C&#8217;est sous<br>l&#8217;angle g\u00e9ographique qu&#8217;il examina les r\u00e9sultats de ses longues et patientes recherches.&#8221;<\/p>\n<\/blockquote>\n","protected":false},"excerpt":{"rendered":"<p>Author(s) : Georges Lobsiger Source : https:\/\/doi.org\/10.3406\/globe.1946.3114 Abstract:<\/p>\n","protected":false},"author":4,"featured_media":0,"comment_status":"open","ping_status":"open","sticky":false,"template":"","format":"standard","meta":{"_kadence_starter_templates_imported_post":false,"_kad_post_transparent":"","_kad_post_title":"","_kad_post_layout":"","_kad_post_sidebar_id":"","_kad_post_content_style":"","_kad_post_vertical_padding":"","_kad_post_feature":"","_kad_post_feature_position":"","_kad_post_header":false,"_kad_post_footer":false,"_kad_post_classname":"","jetpack_post_was_ever_published":false,"_jetpack_newsletter_access":"","_jetpack_dont_email_post_to_subs":true,"_jetpack_newsletter_tier_id":0,"_jetpack_memberships_contains_paywalled_content":false,"_jetpack_memberships_contains_paid_content":false,"footnotes":""},"categories":[35],"tags":[810,457,7,57,120,137,613,52,108,20,143],"class_list":["post-37423","post","type-post","status-publish","format-standard","hentry","category-history","tag-810","tag-americas","tag-article","tag-comparative-analysis","tag-data-analysis","tag-emigration","tag-forced-migration","tag-french-language","tag-geography","tag-migration-flows","tag-statistical-data"],"jetpack_featured_media_url":"","jetpack_sharing_enabled":true,"_links":{"self":[{"href":"https:\/\/swissmig.unine.ch\/index.php?rest_route=\/wp\/v2\/posts\/37423","targetHints":{"allow":["GET"]}}],"collection":[{"href":"https:\/\/swissmig.unine.ch\/index.php?rest_route=\/wp\/v2\/posts"}],"about":[{"href":"https:\/\/swissmig.unine.ch\/index.php?rest_route=\/wp\/v2\/types\/post"}],"author":[{"embeddable":true,"href":"https:\/\/swissmig.unine.ch\/index.php?rest_route=\/wp\/v2\/users\/4"}],"replies":[{"embeddable":true,"href":"https:\/\/swissmig.unine.ch\/index.php?rest_route=%2Fwp%2Fv2%2Fcomments&post=37423"}],"version-history":[{"count":0,"href":"https:\/\/swissmig.unine.ch\/index.php?rest_route=\/wp\/v2\/posts\/37423\/revisions"}],"wp:attachment":[{"href":"https:\/\/swissmig.unine.ch\/index.php?rest_route=%2Fwp%2Fv2%2Fmedia&parent=37423"}],"wp:term":[{"taxonomy":"category","embeddable":true,"href":"https:\/\/swissmig.unine.ch\/index.php?rest_route=%2Fwp%2Fv2%2Fcategories&post=37423"},{"taxonomy":"post_tag","embeddable":true,"href":"https:\/\/swissmig.unine.ch\/index.php?rest_route=%2Fwp%2Fv2%2Ftags&post=37423"}],"curies":[{"name":"wp","href":"https:\/\/api.w.org\/{rel}","templated":true}]}}