{"id":37420,"date":"2025-03-25T16:00:00","date_gmt":"2025-03-25T15:00:00","guid":{"rendered":"https:\/\/swissmig.wordpress.com\/?p=37420"},"modified":"2025-03-25T16:00:00","modified_gmt":"2025-03-25T15:00:00","slug":"lemigration-de-suisse-pour-outre-mer-de-1887-a-1988","status":"publish","type":"post","link":"https:\/\/swissmig.unine.ch\/?p=37420","title":{"rendered":"L&#8217;\u00e9migration de Suisse pour outre-mer, de 1887 \u00e0 1988"},"content":{"rendered":"\n<h3 class=\"wp-block-heading\">Author(s) : Georges Lobsiger<\/h3>\n\n\n\n<h3 class=\"wp-block-heading\">Source : <a href=\"https:\/\/doi.org\/10.3406\/globe.1946.3131\" target=\"_blank\" rel=\"noreferrer noopener\">https:\/\/doi.org\/10.3406\/globe.1946.3131<\/a><\/h3>\n\n\n\n<p><strong>Abstract: <\/strong><\/p>\n\n\n\n<!--more-->\n\n\n\n<blockquote class=\"wp-block-quote is-layout-flow wp-block-quote-is-layout-flow\">\n<p>&#8220;La Suisse a particip\u00e9 au grand mouvement migratoire de la population europ\u00e9enne vers les pays d&#8217;outre-mer. Son contingent, de 1821 \u00e0 1938, a \u00e9t\u00e9 de 383.728 \u00e9migrants, sur un total de 57.000.000 d&#8217;\u00e9migrants europ\u00e9ens. Si l&#8217;on d\u00e9sire utiliser des statistiques homog\u00e8nes, il faut se borner \u00e0 \u00e9tudier les tableaux publi\u00e9s d\u00e8s 1887 par l&#8217;Office f\u00e9d\u00e9ral de l&#8217;\u00e9migration, \u00e0 Berne. Les donn\u00e9es ant\u00e9rieures, \u00e9tablies sur d&#8217;autres bases, ne permettent d&#8217;\u00e9tablir qu&#8217;une comparaison, arbitrairement d\u00e9cid\u00e9e, avec les renseignements fournis par l&#8217;Office mentionn\u00e9. Notre enqu\u00eate porte donc sur la p\u00e9riode comprise entre 1887 et 1938, soit 52 ans, et sur 229.477 \u00e9migrants. L&#8217;\u00e9migration de Suisse pour outre-mer, d\u00e8s 1939 a \u00e9t\u00e9 vici\u00e9e par les \u00e9v\u00e9nements et il est impossible de tenir compte de si faibles s\u00e9ries.&#8221;<\/p>\n<\/blockquote>\n","protected":false},"excerpt":{"rendered":"<p>Author(s) : Georges Lobsiger Source : https:\/\/doi.org\/10.3406\/globe.1946.3131 Abstract:<\/p>\n","protected":false},"author":4,"featured_media":0,"comment_status":"open","ping_status":"open","sticky":false,"template":"","format":"standard","meta":{"_kadence_starter_templates_imported_post":false,"_kad_post_transparent":"","_kad_post_title":"","_kad_post_layout":"","_kad_post_sidebar_id":"","_kad_post_content_style":"","_kad_post_vertical_padding":"","_kad_post_feature":"","_kad_post_feature_position":"","_kad_post_header":false,"_kad_post_footer":false,"_kad_post_classname":"","jetpack_post_was_ever_published":false,"_jetpack_newsletter_access":"","_jetpack_dont_email_post_to_subs":true,"_jetpack_newsletter_tier_id":0,"_jetpack_memberships_contains_paywalled_content":false,"_jetpack_memberships_contains_paid_content":false,"footnotes":""},"categories":[35],"tags":[810,457,7,57,120,137,613,52,20,143],"class_list":["post-37420","post","type-post","status-publish","format-standard","hentry","category-history","tag-810","tag-americas","tag-article","tag-comparative-analysis","tag-data-analysis","tag-emigration","tag-forced-migration","tag-french-language","tag-migration-flows","tag-statistical-data"],"jetpack_featured_media_url":"","jetpack_sharing_enabled":true,"_links":{"self":[{"href":"https:\/\/swissmig.unine.ch\/index.php?rest_route=\/wp\/v2\/posts\/37420","targetHints":{"allow":["GET"]}}],"collection":[{"href":"https:\/\/swissmig.unine.ch\/index.php?rest_route=\/wp\/v2\/posts"}],"about":[{"href":"https:\/\/swissmig.unine.ch\/index.php?rest_route=\/wp\/v2\/types\/post"}],"author":[{"embeddable":true,"href":"https:\/\/swissmig.unine.ch\/index.php?rest_route=\/wp\/v2\/users\/4"}],"replies":[{"embeddable":true,"href":"https:\/\/swissmig.unine.ch\/index.php?rest_route=%2Fwp%2Fv2%2Fcomments&post=37420"}],"version-history":[{"count":0,"href":"https:\/\/swissmig.unine.ch\/index.php?rest_route=\/wp\/v2\/posts\/37420\/revisions"}],"wp:attachment":[{"href":"https:\/\/swissmig.unine.ch\/index.php?rest_route=%2Fwp%2Fv2%2Fmedia&parent=37420"}],"wp:term":[{"taxonomy":"category","embeddable":true,"href":"https:\/\/swissmig.unine.ch\/index.php?rest_route=%2Fwp%2Fv2%2Fcategories&post=37420"},{"taxonomy":"post_tag","embeddable":true,"href":"https:\/\/swissmig.unine.ch\/index.php?rest_route=%2Fwp%2Fv2%2Ftags&post=37420"}],"curies":[{"name":"wp","href":"https:\/\/api.w.org\/{rel}","templated":true}]}}