{"id":37417,"date":"2025-03-25T16:00:00","date_gmt":"2025-03-25T15:00:00","guid":{"rendered":"https:\/\/swissmig.wordpress.com\/?p=37417"},"modified":"2026-01-15T15:33:17","modified_gmt":"2026-01-15T14:33:17","slug":"les-etrangers-en-suisse","status":"publish","type":"post","link":"https:\/\/swissmig.unine.ch\/?p=37417","title":{"rendered":"Les \u00e9trangers en Suisse"},"content":{"rendered":"\n<h3 class=\"wp-block-heading\">Author(s) : L. Hersch<\/h3>\n\n\n\n<h3 class=\"wp-block-heading\">Source : <a href=\"https:\/\/www.jstor.org\/stable\/24683135\" target=\"_blank\" rel=\"noreferrer noopener\">https:\/\/www.jstor.org\/stable\/24683135<\/a><\/h3>\n\n\n\n<p><strong>Abstract: <\/strong><\/p>\n\n\n\n<!--more-->\n\n\n\n<blockquote class=\"wp-block-quote is-layout-flow wp-block-quote-is-layout-flow\">\n<p>&#8220;Le probl\u00e8me des \u00e9trangers en Suisse pr\u00e9sente certainement un int\u00e9r\u00eat \u00e0 la fois th\u00e9orique et pratique. Th\u00e9orique, en tant que manifestation saillante d&#8217;une des migrations internationales de la population qui se produisent au sein m\u00eame de la vieille Europe. Pratique, par suite des nombreuses pr\u00e9occupations que ce probl\u00e8me cr\u00e9e aux autorit\u00e9s et \u00e0 l&#8217;opinion publique aussi bien en Suisse qu&#8217;en dehors de ses fronti\u00e8res. Car le probl\u00e8me des \u00e9trangers appartient par sa nature m\u00eame au domaine national et international. National, pour autant qu&#8217;il est envisag\u00e9 par rapport \u00e0 un pays d\u00e9termin\u00e9, en l&#8217;esp\u00e8ce par rapport \u00e0 la Suisse ; international, puisqu&#8217;il s&#8217;agit des \u00e9trangers r\u00e9sidant dans ce pays.&#8221;<\/p>\n<\/blockquote>\n","protected":false},"excerpt":{"rendered":"<p>Author(s) : L. Hersch Source : https:\/\/www.jstor.org\/stable\/24683135 Abstract:<\/p>\n","protected":false},"author":4,"featured_media":0,"comment_status":"open","ping_status":"open","sticky":false,"template":"","format":"standard","meta":{"_kadence_starter_templates_imported_post":false,"_kad_post_transparent":"","_kad_post_title":"","_kad_post_layout":"","_kad_post_sidebar_id":"","_kad_post_content_style":"","_kad_post_vertical_padding":"","_kad_post_feature":"","_kad_post_feature_position":"","_kad_post_header":false,"_kad_post_footer":false,"_kad_post_classname":"","jetpack_post_was_ever_published":false,"_jetpack_newsletter_access":"","_jetpack_dont_email_post_to_subs":true,"_jetpack_newsletter_tier_id":0,"_jetpack_memberships_contains_paywalled_content":false,"_jetpack_memberships_contains_paid_content":false,"footnotes":""},"categories":[43],"tags":[809,7,37,281,70,151,28,52,87,36],"class_list":["post-37417","post","type-post","status-publish","format-standard","hentry","category-the-migration-phenomenon","tag-809","tag-article","tag-attitudes-towards-migrants","tag-belonging","tag-citizenship","tag-cultural-identity","tag-foreigners","tag-french-language","tag-history","tag-migration-policy"],"jetpack_featured_media_url":"","jetpack_sharing_enabled":true,"_links":{"self":[{"href":"https:\/\/swissmig.unine.ch\/index.php?rest_route=\/wp\/v2\/posts\/37417","targetHints":{"allow":["GET"]}}],"collection":[{"href":"https:\/\/swissmig.unine.ch\/index.php?rest_route=\/wp\/v2\/posts"}],"about":[{"href":"https:\/\/swissmig.unine.ch\/index.php?rest_route=\/wp\/v2\/types\/post"}],"author":[{"embeddable":true,"href":"https:\/\/swissmig.unine.ch\/index.php?rest_route=\/wp\/v2\/users\/4"}],"replies":[{"embeddable":true,"href":"https:\/\/swissmig.unine.ch\/index.php?rest_route=%2Fwp%2Fv2%2Fcomments&post=37417"}],"version-history":[{"count":1,"href":"https:\/\/swissmig.unine.ch\/index.php?rest_route=\/wp\/v2\/posts\/37417\/revisions"}],"predecessor-version":[{"id":38558,"href":"https:\/\/swissmig.unine.ch\/index.php?rest_route=\/wp\/v2\/posts\/37417\/revisions\/38558"}],"wp:attachment":[{"href":"https:\/\/swissmig.unine.ch\/index.php?rest_route=%2Fwp%2Fv2%2Fmedia&parent=37417"}],"wp:term":[{"taxonomy":"category","embeddable":true,"href":"https:\/\/swissmig.unine.ch\/index.php?rest_route=%2Fwp%2Fv2%2Fcategories&post=37417"},{"taxonomy":"post_tag","embeddable":true,"href":"https:\/\/swissmig.unine.ch\/index.php?rest_route=%2Fwp%2Fv2%2Ftags&post=37417"}],"curies":[{"name":"wp","href":"https:\/\/api.w.org\/{rel}","templated":true}]}}