{"id":37386,"date":"2025-04-14T08:00:00","date_gmt":"2025-04-14T07:00:00","guid":{"rendered":"https:\/\/swissmig.wordpress.com\/?p=37386"},"modified":"2025-04-14T08:00:00","modified_gmt":"2025-04-14T07:00:00","slug":"elaboration-et-developpement-de-la-politique-federale-dintegration-ausarbeitung-und-entwicklung-der-integrationspolitik-des-bundes","status":"publish","type":"post","link":"https:\/\/swissmig.unine.ch\/?p=37386","title":{"rendered":"\u00c9laboration et d\u00e9veloppement de la politique f\u00e9d\u00e9rale d\u2019int\u00e9gration = Ausarbeitung und Entwicklung der Integrationspolitik des Bundes"},"content":{"rendered":"\n<h3 class=\"wp-block-heading\">Author(s) : Rosita Fibbi, Gianni D&#8217;Amato<\/h3>\n\n\n\n<h3 class=\"wp-block-heading\">Source : FR : <a href=\"https:\/\/seismoverlag.ch\/site\/assets\/files\/20730\/oa_9782883517721.pdf\" target=\"_blank\" rel=\"noreferrer noopener\">https:\/\/seismoverlag.ch\/site\/assets\/files\/20730\/oa_9782883517721.pdf<\/a> \/ DE : <a href=\"https:\/\/seismoverlag.ch\/site\/assets\/files\/20727\/oa_9783037778999.pdf\">https:\/\/seismoverlag.ch\/site\/assets\/files\/20727\/oa_9783037778999.pdf<\/a><\/h3>\n\n\n\n<p><strong>Abstract: <\/strong><\/p>\n\n\n\n<!--more-->\n\n\n\n<blockquote class=\"wp-block-quote is-layout-flow wp-block-quote-is-layout-flow\">\n<p>La politique actuelle \u00e0 l\u2019\u00e9gard des r\u00e9sident\u00b7es \u00e9tranger\u00b7\u00e8res est, certes, une r\u00e9ponse aux d\u00e9fis contemporains de l\u2019immigration ; toutefois, elle porte aussi les traces de l\u2019histoire pass\u00e9e. C\u2019est la raison pour laquelle nous estimons utile, en guise d\u2019introduction, de rappeler sommairement l\u2019histoire de la politique \u00e0 l\u2019\u00e9gard des \u00e9tranger\u00b7\u00e8res de l\u2019apr\u00e8s-guerre \u00e0 nos jours. Dans une deuxi\u00e8me \u00e9tape, nous pr\u00e9senterons les \u00e9l\u00e9ments \u00e0 l\u2019origine des changements dans les politiques d\u2019int\u00e9gration observ\u00e9es au cours des deux derni\u00e8res d\u00e9cennies.<\/p>\n<\/blockquote>\n","protected":false},"excerpt":{"rendered":"<p>Author(s) : Rosita Fibbi, Gianni D&#8217;Amato Source : FR :&#8230;<\/p>\n","protected":false},"author":4,"featured_media":0,"comment_status":"open","ping_status":"open","sticky":false,"template":"","format":"standard","meta":{"_kadence_starter_templates_imported_post":false,"_kad_post_transparent":"","_kad_post_title":"","_kad_post_layout":"","_kad_post_sidebar_id":"","_kad_post_content_style":"","_kad_post_vertical_padding":"","_kad_post_feature":"","_kad_post_feature_position":"","_kad_post_header":false,"_kad_post_footer":false,"_kad_post_classname":"","jetpack_post_was_ever_published":false,"_jetpack_newsletter_access":"","_jetpack_dont_email_post_to_subs":false,"_jetpack_newsletter_tier_id":0,"_jetpack_memberships_contains_paywalled_content":false,"_jetpack_memberships_contains_paid_content":false,"footnotes":""},"categories":[12],"tags":[306,32,52,73,87,387,36],"class_list":["post-37386","post","type-post","status-publish","format-standard","hentry","category-politics","tag-306","tag-book-chapter","tag-french-language","tag-german-language","tag-history","tag-integration-policy","tag-migration-policy"],"jetpack_featured_media_url":"","jetpack_sharing_enabled":true,"_links":{"self":[{"href":"https:\/\/swissmig.unine.ch\/index.php?rest_route=\/wp\/v2\/posts\/37386","targetHints":{"allow":["GET"]}}],"collection":[{"href":"https:\/\/swissmig.unine.ch\/index.php?rest_route=\/wp\/v2\/posts"}],"about":[{"href":"https:\/\/swissmig.unine.ch\/index.php?rest_route=\/wp\/v2\/types\/post"}],"author":[{"embeddable":true,"href":"https:\/\/swissmig.unine.ch\/index.php?rest_route=\/wp\/v2\/users\/4"}],"replies":[{"embeddable":true,"href":"https:\/\/swissmig.unine.ch\/index.php?rest_route=%2Fwp%2Fv2%2Fcomments&post=37386"}],"version-history":[{"count":0,"href":"https:\/\/swissmig.unine.ch\/index.php?rest_route=\/wp\/v2\/posts\/37386\/revisions"}],"wp:attachment":[{"href":"https:\/\/swissmig.unine.ch\/index.php?rest_route=%2Fwp%2Fv2%2Fmedia&parent=37386"}],"wp:term":[{"taxonomy":"category","embeddable":true,"href":"https:\/\/swissmig.unine.ch\/index.php?rest_route=%2Fwp%2Fv2%2Fcategories&post=37386"},{"taxonomy":"post_tag","embeddable":true,"href":"https:\/\/swissmig.unine.ch\/index.php?rest_route=%2Fwp%2Fv2%2Ftags&post=37386"}],"curies":[{"name":"wp","href":"https:\/\/api.w.org\/{rel}","templated":true}]}}