{"id":37372,"date":"2025-03-21T17:26:05","date_gmt":"2025-03-21T16:26:05","guid":{"rendered":"https:\/\/swissmig.wordpress.com\/?p=37372"},"modified":"2025-03-21T17:26:05","modified_gmt":"2025-03-21T16:26:05","slug":"construction-de-la-nation-et-pluralisme-suisses-ideologie-et-pratiques","status":"publish","type":"post","link":"https:\/\/swissmig.unine.ch\/?p=37372","title":{"rendered":"Construction de la nation et pluralisme suisses: id\u00e9ologie et pratiques"},"content":{"rendered":"\n<h3 class=\"wp-block-heading\">Author(s) : Didier Froidevaux<\/h3>\n\n\n\n<h3 class=\"wp-block-heading\">Source : <a href=\"https:\/\/doi.org\/10.1002\/j.1662-6370.1997.tb00224.x\" target=\"_blank\" rel=\"noreferrer noopener\">https:\/\/doi.org\/10.1002\/j.1662-6370.1997.tb00224.x<\/a><\/h3>\n\n\n\n<p><strong>Abstract: <\/strong><\/p>\n\n\n\n<!--more-->\n\n\n\n<blockquote class=\"wp-block-quote is-layout-flow wp-block-quote-is-layout-flow\">\n<p>&#8220;Par l&#8217;exemple de la construction nationale suisse, l&#8217;objectif est de montrer comment les nations modernes oscillent entre les p\u00f4les ethnique et civique, ou, pour reprendre T\u00f6nnies, entre &#8220;communaut\u00e9 et soci\u00e9t\u00e9&#8221;. La Suisse, en raison de nombreuses forces centrifuges (diversit\u00e9 confessionnelle, linguistique, sociale, etc.), n&#8217;\u00e9chappe pas \u00e0 un processus de &#8220;nationalisation&#8221; ou de &#8220;communalisation&#8221; au sens w\u00e9b\u00e9rien. L&#8217;invention de mythes nationaux renvoie \u00e0 une construction de type ethnique, concr\u00e9tis\u00e9e par l&#8217;id\u00e9e d&#8217;exceptionnalit\u00e9 ou d&#8217;insularit\u00e9. L&#8217;analyse politologique selon le mod\u00e8le consociatif \u2013 dont les limites sont relev\u00e9es \u2013 s&#8217;inscrit dans une m\u00eame perspective. L&#8217;examen du droit de la nationalit\u00e9 conforte \u00e0 son tour le constat de la pr\u00e9dominance de la conception ethnique, davantage que civique, de la nation suisse. En conclusion, les difficult\u00e9s actuelles face \u00e0 l&#8217;ouverture \u00e0 l&#8217;ext\u00e9rieur et particuli\u00e8rement \u00e0 l&#8217;Union europ\u00e9enne, sont interpr\u00e9t\u00e9es comme une accentuation de la dimension communautaire de la nation suisse et un retrait de la dimension civique.&#8221;<\/p>\n<\/blockquote>\n\n\n\n<p><\/p>\n","protected":false},"excerpt":{"rendered":"<p>Author(s) : Didier Froidevaux Source : https:\/\/doi.org\/10.1002\/j.1662-6370.1997.tb00224.x Abstract:<\/p>\n","protected":false},"author":4,"featured_media":0,"comment_status":"open","ping_status":"open","sticky":false,"template":"","format":"standard","meta":{"_kadence_starter_templates_imported_post":false,"_kad_post_transparent":"","_kad_post_title":"","_kad_post_layout":"","_kad_post_sidebar_id":"","_kad_post_content_style":"","_kad_post_vertical_padding":"","_kad_post_feature":"","_kad_post_feature_position":"","_kad_post_header":false,"_kad_post_footer":false,"_kad_post_classname":"","jetpack_post_was_ever_published":false,"_jetpack_newsletter_access":"","_jetpack_dont_email_post_to_subs":true,"_jetpack_newsletter_tier_id":0,"_jetpack_memberships_contains_paywalled_content":false,"_jetpack_memberships_contains_paid_content":false,"footnotes":""},"categories":[12],"tags":[243,7,307,421,52,87,180,174,326,327],"class_list":["post-37372","post","type-post","status-publish","format-standard","hentry","category-politics","tag-243","tag-article","tag-civil-and-political-rights","tag-ethnic-diversity","tag-french-language","tag-history","tag-multiculturalism","tag-nationalism","tag-political-representation","tag-research"],"jetpack_featured_media_url":"","jetpack_sharing_enabled":true,"_links":{"self":[{"href":"https:\/\/swissmig.unine.ch\/index.php?rest_route=\/wp\/v2\/posts\/37372","targetHints":{"allow":["GET"]}}],"collection":[{"href":"https:\/\/swissmig.unine.ch\/index.php?rest_route=\/wp\/v2\/posts"}],"about":[{"href":"https:\/\/swissmig.unine.ch\/index.php?rest_route=\/wp\/v2\/types\/post"}],"author":[{"embeddable":true,"href":"https:\/\/swissmig.unine.ch\/index.php?rest_route=\/wp\/v2\/users\/4"}],"replies":[{"embeddable":true,"href":"https:\/\/swissmig.unine.ch\/index.php?rest_route=%2Fwp%2Fv2%2Fcomments&post=37372"}],"version-history":[{"count":0,"href":"https:\/\/swissmig.unine.ch\/index.php?rest_route=\/wp\/v2\/posts\/37372\/revisions"}],"wp:attachment":[{"href":"https:\/\/swissmig.unine.ch\/index.php?rest_route=%2Fwp%2Fv2%2Fmedia&parent=37372"}],"wp:term":[{"taxonomy":"category","embeddable":true,"href":"https:\/\/swissmig.unine.ch\/index.php?rest_route=%2Fwp%2Fv2%2Fcategories&post=37372"},{"taxonomy":"post_tag","embeddable":true,"href":"https:\/\/swissmig.unine.ch\/index.php?rest_route=%2Fwp%2Fv2%2Ftags&post=37372"}],"curies":[{"name":"wp","href":"https:\/\/api.w.org\/{rel}","templated":true}]}}