{"id":37351,"date":"2025-03-24T08:00:00","date_gmt":"2025-03-24T07:00:00","guid":{"rendered":"https:\/\/swissmig.wordpress.com\/?p=37351"},"modified":"2025-03-24T08:00:00","modified_gmt":"2025-03-24T07:00:00","slug":"monitoring-studie-zur-integration-von-gefluchteten-mit-status-s-mit-schwerpunkt-kt-zurich","status":"publish","type":"post","link":"https:\/\/swissmig.unine.ch\/?p=37351","title":{"rendered":"Monitoring-Studie zur Integration von Gefl\u00fcchteten mit Status S mit Schwerpunkt Kt. Z\u00fcrich"},"content":{"rendered":"\n<h3 class=\"wp-block-heading\">Author(s) : Miryam Eser Davolio, Tatjana Fenicia, Dilyara M\u00fcller-Suleymanova, Inna Vashkite<\/h3>\n\n\n\n<h3 class=\"wp-block-heading\">Source : <a href=\"https:\/\/doi.org\/10.21256\/zhaw-31389\" target=\"_blank\" rel=\"noreferrer noopener\">https:\/\/doi.org\/10.21256\/zhaw-31389<\/a><\/h3>\n\n\n\n<p><strong>Abstract: <\/strong><\/p>\n\n\n\n<!--more-->\n\n\n\n<blockquote class=\"wp-block-quote is-layout-flow wp-block-quote-is-layout-flow\">\n<p>&#8220;In der Schweiz leben rund 65.000 ukrainische Gefl\u00fcchtete mit S-Status (Stand M\u00e4rz 2024). Die Fluchtbewegung aus der Ukraine unterscheidet sich von anderen Fl\u00fcchtlingsgruppen in der Schweiz hinsichtlich der drei folgenden Aspekte: a) Es ist eine von Frauen mit Kindern dominierte Fluchtbewegung; b) die Schweizer Beh\u00f6rden haben zum ersten Mal den Schutzstatus \u201eS\u201c und damit einhergehende Massnahmen aktiviert, und c) es gab eine hohe Aufnahmebereitschaft sowohl auf politischer als auch auf gesellschaftlicher Ebene. Die Monitoring-Studie (Nov. 2022 \u2013 Juli 2024) hat zum Ziel, die Integration der ukrainischen Gefl\u00fcchteten mit einer L\u00e4ngsschnittstudie und einem mixed-method-Ansatz zu untersuchen, um sowohl den Einfluss des S-Status als auch der Aufnahmebereitschaft \u2013 insbesondere der Gastfamilien \u2013 auf die soziale und wirtschaftliche Integration der Gefl\u00fcchteten zu bestimmen. Regional fokussiert die Studie auf den Kanton Z\u00fcrich, stellt aber auch Bez\u00fcge zu anderen Kantonen her und ist somit f\u00fcr die gesamte Schweiz von Bedeutung. Mittels zweier Online-Befragungen (M\u00e4rz 2023, N=389 und April 2024, N=102) und vertiefenden Interviews mit Teilnehmenden der Online-Befragung (N=34) wurden folgende Themen er-fragt: 1) Zugang zu Informationen 2) Wohnsituation und finanzielle Unterst\u00fctzung; 3) berufliche Eingliederung und Bildung; 4) Gesundheit (psychisch und physisch); 5) Organisation der Kinderbetreuung so-wie 6) soziale Vernetzung. Die Studie wurde vom Lotteriefonds des Kantons Z\u00fcrich, der Schweizerischen Gemeinn\u00fctzigen Gesellschaft SGG und der Stiftung Mercator finanziert.&#8221;<\/p>\n\n\n\n<h4 class=\"wp-block-heading\"><strong>Schlagw\u00f6rter <\/strong>: Integration, Migration, Status S, Kanton Z\u00fcrich<\/h4>\n\n\n\n<p><\/p>\n<\/blockquote>\n","protected":false},"excerpt":{"rendered":"<p>Author(s) : Miryam Eser Davolio, Tatjana Fenicia, Dilyara M\u00fcller-Suleymanova, Inna&#8230;<\/p>\n","protected":false},"author":4,"featured_media":0,"comment_status":"open","ping_status":"open","sticky":false,"template":"","format":"standard","meta":{"_kadence_starter_templates_imported_post":false,"_kad_post_transparent":"","_kad_post_title":"","_kad_post_layout":"","_kad_post_sidebar_id":"","_kad_post_content_style":"","_kad_post_vertical_padding":"","_kad_post_feature":"","_kad_post_feature_position":"","_kad_post_header":false,"_kad_post_footer":false,"_kad_post_classname":"","jetpack_post_was_ever_published":false,"_jetpack_newsletter_access":"","_jetpack_dont_email_post_to_subs":false,"_jetpack_newsletter_tier_id":0,"_jetpack_memberships_contains_paywalled_content":false,"_jetpack_memberships_contains_paid_content":false,"footnotes":""},"categories":[12],"tags":[291,407,362,556,273,318,634,73,378,133,154,356,103,91,647,201,309,246],"class_list":["post-37351","post","type-post","status-publish","format-standard","hentry","category-politics","tag-291","tag-access-to-education","tag-access-to-employment","tag-access-to-health-care","tag-cantons","tag-children","tag-ethnography","tag-german-language","tag-housing","tag-immigrant-policy","tag-interviews","tag-migratory-status","tag-refugees","tag-social-integration","tag-ukrainians","tag-women","tag-working-paper","tag-zurich"],"jetpack_featured_media_url":"","jetpack_sharing_enabled":true,"_links":{"self":[{"href":"https:\/\/swissmig.unine.ch\/index.php?rest_route=\/wp\/v2\/posts\/37351","targetHints":{"allow":["GET"]}}],"collection":[{"href":"https:\/\/swissmig.unine.ch\/index.php?rest_route=\/wp\/v2\/posts"}],"about":[{"href":"https:\/\/swissmig.unine.ch\/index.php?rest_route=\/wp\/v2\/types\/post"}],"author":[{"embeddable":true,"href":"https:\/\/swissmig.unine.ch\/index.php?rest_route=\/wp\/v2\/users\/4"}],"replies":[{"embeddable":true,"href":"https:\/\/swissmig.unine.ch\/index.php?rest_route=%2Fwp%2Fv2%2Fcomments&post=37351"}],"version-history":[{"count":0,"href":"https:\/\/swissmig.unine.ch\/index.php?rest_route=\/wp\/v2\/posts\/37351\/revisions"}],"wp:attachment":[{"href":"https:\/\/swissmig.unine.ch\/index.php?rest_route=%2Fwp%2Fv2%2Fmedia&parent=37351"}],"wp:term":[{"taxonomy":"category","embeddable":true,"href":"https:\/\/swissmig.unine.ch\/index.php?rest_route=%2Fwp%2Fv2%2Fcategories&post=37351"},{"taxonomy":"post_tag","embeddable":true,"href":"https:\/\/swissmig.unine.ch\/index.php?rest_route=%2Fwp%2Fv2%2Ftags&post=37351"}],"curies":[{"name":"wp","href":"https:\/\/api.w.org\/{rel}","templated":true}]}}