{"id":37322,"date":"2025-03-17T08:00:00","date_gmt":"2025-03-17T07:00:00","guid":{"rendered":"https:\/\/swissmig.wordpress.com\/?p=37322"},"modified":"2025-03-17T08:00:00","modified_gmt":"2025-03-17T07:00:00","slug":"antimuslimischer-rassismus-in-der-schweiz-grundlagenstudie-racisme-antimusulman-en-suisse-etude-de-reference-il-razzismo-antimusulmano-in-svizzera-studio-di-riferimento","status":"publish","type":"post","link":"https:\/\/swissmig.unine.ch\/?p=37322","title":{"rendered":"Antimuslimischer Rassismus in der Schweiz: Grundlagenstudie = Racisme antimusulman en Suisse: \u00e9tude de r\u00e9f\u00e9rence = Il razzismo antimusulmano in Svizzera: studio di riferimento"},"content":{"rendered":"\n<h3 class=\"wp-block-heading\">Author(s) : Noemi Trucco, Asmaa Dehbi, Amir Dziri, Hansj\u00f6rg Schmid<\/h3>\n\n\n\n<h3 class=\"wp-block-heading\">Source : <\/h3>\n\n\n\n<p>DE : <a href=\"https:\/\/folia.unifr.ch\/unifr\/documents\/331088\" target=\"_blank\" rel=\"noreferrer noopener\">https:\/\/folia.unifr.ch\/unifr\/documents\/331088<\/a> <\/p>\n\n\n\n<p>FR : <a href=\"https:\/\/folia.unifr.ch\/unifr\/documents\/331090\" target=\"_blank\" rel=\"noreferrer noopener\">https:\/\/folia.unifr.ch\/unifr\/documents\/331090<\/a> <\/p>\n\n\n\n<p>IT : <a href=\"https:\/\/folia.unifr.ch\/unifr\/documents\/331092\" target=\"_blank\" rel=\"noreferrer noopener\">https:\/\/folia.unifr.ch\/unifr\/documents\/331092<\/a><\/p>\n\n\n\n<p>Kurzfassung DE : <a href=\"https:\/\/www.edi.admin.ch\/edi\/de\/home\/fachstellen\/frb\/publikationen\/kurzfassung-amr.html\">https:\/\/www.edi.admin.ch\/edi\/de\/home\/fachstellen\/frb\/publikationen\/kurzfassung-amr.html<\/a><\/p>\n\n\n\n<p>Synth\u00e8se FR : <a href=\"https:\/\/www.edi.admin.ch\/edi\/fr\/home\/fachstellen\/frb\/commandes-et-publications\/kurzfassung-amr.html\" target=\"_blank\" rel=\"noreferrer noopener\">https:\/\/www.edi.admin.ch\/edi\/fr\/home\/fachstellen\/frb\/commandes-et-publications\/kurzfassung-amr.html<\/a><\/p>\n\n\n\n<p>Sintesi IT : <a href=\"https:\/\/www.edi.admin.ch\/edi\/it\/home\/fachstellen\/frb\/shop-bestellungen-und-publikationen0\/kurzfassung-amr.html\">https:\/\/www.edi.admin.ch\/edi\/it\/home\/fachstellen\/frb\/shop-bestellungen-und-publikationen0\/kurzfassung-amr.html<\/a><\/p>\n\n\n\n<p><strong>Abstract: <\/strong><\/p>\n\n\n\n<!--more-->\n\n\n\n<blockquote class=\"wp-block-quote is-layout-flow wp-block-quote-is-layout-flow\">\n<p>Die Studie soll zur begrifflichen und konzeptuellen Definition des antimuslimischen Rassismus beitragen. Sie setzt sich zudem mit der historischen Dimension der Rassifizierung muslimischer Menschen in der Schweiz auseinander. Sie st\u00fctzt sich in ihrer Analyse auf Expertinnen- und Experteninterviews sowie die Perspektiven von Betroffenen, um auch die strukturelle Dimension dieser Form von Rassismus aufzuzeigen. Gleichzeitig werden die Erfahrungen der Betroffenen und ihre Strategien im Umgang mit antimuslimischem Rassismus beleuchtet. Im Hinblick auf einen umfassenden Ansatz der Bek\u00e4mpfung von antimuslimischem Rassismus schliesst die Studie mit einer Reihe von Empfehlungen ab.<\/p>\n\n\n\n<p>L\u2019\u00e9tude contribue \u00e0 conceptualiser la notion de racisme antimusulman. Elle aborde \u00e9galement la dimension historique de la racialisation des personnes musulmanes en Suisse. Plus qu\u2019une analyse th\u00e9orique, elle s\u2019appuie sur l\u2019\u00e9clairage de sp\u00e9cialistes et de personnes racis\u00e9es afin de mieux r\u00e9v\u00e9ler la dimension structurelle du probl\u00e8me. Ce faisant, elle livre les exp\u00e9riences de celles et ceux qui y sont confront\u00e9s et leurs strat\u00e9gies pour y faire face. Elle se conclut par des recommandations concr\u00e8tes visant \u00e0 mener une lutte globale contre le racisme antimusulman.<\/p>\n\n\n\n<p>Lo studio contribuisce a fornire una definizione terminologica e concettuale del razzismo antimusulmano e affronta la dimensione storica del processo di razzializzazione delle persone musulmane in Svizzera. La ricerca fonda la sua analisi sulla consultazione di esperte ed esperti e sul punto di vista di persone interessate, rivelando anche il carattere strutturale di questa forma di razzismo. Al contempo fa luce sulle esperienze vissute dalle persone che ne sono vittima e sulle strategie che queste ultime attuano per farvi fronte. Nell\u2019ottica di un approccio globale per lottare contro il razzismo antimusulmano, lo studio riporta infine una serie di raccomandazioni.<\/p>\n<\/blockquote>\n","protected":false},"excerpt":{"rendered":"<p>Author(s) : Noemi Trucco, Asmaa Dehbi, Amir Dziri, Hansj\u00f6rg Schmid&#8230;<\/p>\n","protected":false},"author":4,"featured_media":0,"comment_status":"open","ping_status":"open","sticky":false,"template":"","format":"standard","meta":{"_kadence_starter_templates_imported_post":false,"_kad_post_transparent":"","_kad_post_title":"","_kad_post_layout":"","_kad_post_sidebar_id":"","_kad_post_content_style":"","_kad_post_vertical_padding":"","_kad_post_feature":"","_kad_post_feature_position":"","_kad_post_header":false,"_kad_post_footer":false,"_kad_post_classname":"","jetpack_post_was_ever_published":false,"_jetpack_newsletter_access":"","_jetpack_dont_email_post_to_subs":false,"_jetpack_newsletter_tier_id":0,"_jetpack_memberships_contains_paywalled_content":false,"_jetpack_memberships_contains_paid_content":false,"footnotes":""},"categories":[24],"tags":[306,407,362,37,146,82,52,148,73,555,223,566,461,19,116,334,168,249],"class_list":["post-37322","post","type-post","status-publish","format-standard","hentry","category-society-family-racism","tag-306","tag-access-to-education","tag-access-to-employment","tag-attitudes-towards-migrants","tag-discrimination","tag-ethnic-discrimination","tag-french-language","tag-gender","tag-german-language","tag-intersectionality","tag-islam","tag-islamophobia","tag-italian-language","tag-labour-market","tag-muslims","tag-racism","tag-religious-practice","tag-report"],"jetpack_featured_media_url":"","jetpack_sharing_enabled":true,"_links":{"self":[{"href":"https:\/\/swissmig.unine.ch\/index.php?rest_route=\/wp\/v2\/posts\/37322","targetHints":{"allow":["GET"]}}],"collection":[{"href":"https:\/\/swissmig.unine.ch\/index.php?rest_route=\/wp\/v2\/posts"}],"about":[{"href":"https:\/\/swissmig.unine.ch\/index.php?rest_route=\/wp\/v2\/types\/post"}],"author":[{"embeddable":true,"href":"https:\/\/swissmig.unine.ch\/index.php?rest_route=\/wp\/v2\/users\/4"}],"replies":[{"embeddable":true,"href":"https:\/\/swissmig.unine.ch\/index.php?rest_route=%2Fwp%2Fv2%2Fcomments&post=37322"}],"version-history":[{"count":0,"href":"https:\/\/swissmig.unine.ch\/index.php?rest_route=\/wp\/v2\/posts\/37322\/revisions"}],"wp:attachment":[{"href":"https:\/\/swissmig.unine.ch\/index.php?rest_route=%2Fwp%2Fv2%2Fmedia&parent=37322"}],"wp:term":[{"taxonomy":"category","embeddable":true,"href":"https:\/\/swissmig.unine.ch\/index.php?rest_route=%2Fwp%2Fv2%2Fcategories&post=37322"},{"taxonomy":"post_tag","embeddable":true,"href":"https:\/\/swissmig.unine.ch\/index.php?rest_route=%2Fwp%2Fv2%2Ftags&post=37322"}],"curies":[{"name":"wp","href":"https:\/\/api.w.org\/{rel}","templated":true}]}}