{"id":37320,"date":"2025-03-10T08:00:00","date_gmt":"2025-03-10T07:00:00","guid":{"rendered":"https:\/\/swissmig.wordpress.com\/?p=37320"},"modified":"2025-03-10T08:00:00","modified_gmt":"2025-03-10T07:00:00","slug":"transnationalisme-et-qualification-les-effets-du-racisme-et-de-la-discrimination-structurels-sur-les-parcours-de-migrants-issus-de-groupes-racises-en-suisse-au-canada-et-au-quebec","status":"publish","type":"post","link":"https:\/\/swissmig.unine.ch\/?p=37320","title":{"rendered":"Transnationalisme et qualification : les effets du racisme et de la discrimination structurels sur les parcours de migrants issus de groupes racis\u00e9s en Suisse, au Canada et au Qu\u00e9bec"},"content":{"rendered":"\n<h3 class=\"wp-block-heading\">Author(s) : Myrlande Pierre, Ibrahima Guiss\u00e9<\/h3>\n\n\n\n<h3 class=\"wp-block-heading\">Source : <a href=\"https:\/\/doi.org\/10.3917\/pp.059.0209\" target=\"_blank\" rel=\"noreferrer noopener\">https:\/\/doi.org\/10.3917\/pp.059.0209<\/a><\/h3>\n\n\n\n<p><strong>Abstract: <\/strong><\/p>\n\n\n\n<!--more-->\n\n\n\n<blockquote class=\"wp-block-quote is-layout-flow wp-block-quote-is-layout-flow\">\n<p>&#8220;Les liens entre in\u00e9galit\u00e9s et les migrations sont complexes et les facteurs structurels et syst\u00e9miques qui ont un impact sur la vie des personnes migrantes sont insuffisamment document\u00e9s. Ce sont en effet ces quelques impens\u00e9es des politiques publiques migratoires que tente de d\u00e9crire cet article qui analyse les paradoxes et les limites des politiques migratoires en rapport avec ces nouvelles donnes de la mondialit\u00e9. De ce point de vue, la Suisse, le Canada et le Qu\u00e9bec ressortent comme deux lieux embl\u00e9matiques o\u00f9 se d\u00e9veloppent des parcours, des carri\u00e8res de personnes labellis\u00e9es \u00ab\u00a0migrants qualifi\u00e9s\u00a0\u00bb, qui du reste paradoxalement font l\u2019exp\u00e9rience de la concr\u00e9tude du monde, de sa rugosit\u00e9,<em>  <\/em>notamment en termes d\u2019exp\u00e9rience du passage des fronti\u00e8res, au triple sens du mot, c\u2019est-\u00e0-dire temporel, spatial et social.&#8221;<\/p>\n\n\n\n<p><strong>Keywords<\/strong>: migration policy, migrant, racialized minority, transnationalism, systemic discrimination, integration<\/p>\n\n\n\n<p><strong>Mots-cl\u00e9s<\/strong> : discrimination syst\u00e9mique, int\u00e9gration, migrant, minorit\u00e9 racis\u00e9e, politique migratoire, transnationalisme<\/p>\n<\/blockquote>\n","protected":false},"excerpt":{"rendered":"<p>Author(s) : Myrlande Pierre, Ibrahima Guiss\u00e9 Source : https:\/\/doi.org\/10.3917\/pp.059.0209 Abstract:<\/p>\n","protected":false},"author":4,"featured_media":0,"comment_status":"open","ping_status":"open","sticky":false,"template":"","format":"standard","meta":{"_kadence_starter_templates_imported_post":false,"_kad_post_transparent":"","_kad_post_title":"","_kad_post_layout":"","_kad_post_sidebar_id":"","_kad_post_content_style":"","_kad_post_vertical_padding":"","_kad_post_feature":"","_kad_post_feature_position":"","_kad_post_header":false,"_kad_post_footer":false,"_kad_post_classname":"","jetpack_post_was_ever_published":false,"_jetpack_newsletter_access":"","_jetpack_dont_email_post_to_subs":false,"_jetpack_newsletter_tier_id":0,"_jetpack_memberships_contains_paywalled_content":false,"_jetpack_memberships_contains_paid_content":false,"footnotes":""},"categories":[24],"tags":[291,7,76,57,79,82,21,52,104,692,334,264,47,26,158],"class_list":["post-37320","post","type-post","status-publish","format-standard","hentry","category-society-family-racism","tag-291","tag-article","tag-canada","tag-comparative-analysis","tag-equal-opportunities","tag-ethnic-discrimination","tag-family","tag-french-language","tag-living-conditions","tag-public-policy","tag-racism","tag-skills","tag-social-inequalities","tag-transnationalism","tag-working-conditions"],"jetpack_featured_media_url":"","jetpack_sharing_enabled":true,"_links":{"self":[{"href":"https:\/\/swissmig.unine.ch\/index.php?rest_route=\/wp\/v2\/posts\/37320","targetHints":{"allow":["GET"]}}],"collection":[{"href":"https:\/\/swissmig.unine.ch\/index.php?rest_route=\/wp\/v2\/posts"}],"about":[{"href":"https:\/\/swissmig.unine.ch\/index.php?rest_route=\/wp\/v2\/types\/post"}],"author":[{"embeddable":true,"href":"https:\/\/swissmig.unine.ch\/index.php?rest_route=\/wp\/v2\/users\/4"}],"replies":[{"embeddable":true,"href":"https:\/\/swissmig.unine.ch\/index.php?rest_route=%2Fwp%2Fv2%2Fcomments&post=37320"}],"version-history":[{"count":0,"href":"https:\/\/swissmig.unine.ch\/index.php?rest_route=\/wp\/v2\/posts\/37320\/revisions"}],"wp:attachment":[{"href":"https:\/\/swissmig.unine.ch\/index.php?rest_route=%2Fwp%2Fv2%2Fmedia&parent=37320"}],"wp:term":[{"taxonomy":"category","embeddable":true,"href":"https:\/\/swissmig.unine.ch\/index.php?rest_route=%2Fwp%2Fv2%2Fcategories&post=37320"},{"taxonomy":"post_tag","embeddable":true,"href":"https:\/\/swissmig.unine.ch\/index.php?rest_route=%2Fwp%2Fv2%2Ftags&post=37320"}],"curies":[{"name":"wp","href":"https:\/\/api.w.org\/{rel}","templated":true}]}}