{"id":37306,"date":"2025-02-14T08:00:00","date_gmt":"2025-02-14T07:00:00","guid":{"rendered":"https:\/\/swissmig.wordpress.com\/?p=37306"},"modified":"2025-02-14T08:00:00","modified_gmt":"2025-02-14T07:00:00","slug":"immigrationspolitik-schweiz-selbst-im-lande-tells-gabs-keinen-goldenen-schuss","status":"publish","type":"post","link":"https:\/\/swissmig.unine.ch\/?p=37306","title":{"rendered":"Immigrationspolitik Schweiz: Selbst im Lande Tells gab&#8217;s keinen &#8220;goldenen Schuss&#8221;"},"content":{"rendered":"\n<h3 class=\"wp-block-heading\">Author(s) : Heinz Werner<\/h3>\n\n\n\n<h3 class=\"wp-block-heading\">Source : <a href=\"https:\/\/doku.iab.de\/kurzber\/2001\/kb0601.pdf\" target=\"_blank\" rel=\"noreferrer noopener\">https:\/\/doku.iab.de\/kurzber\/2001\/kb0601.pdf<\/a><\/h3>\n\n\n\n<p><strong>Abstract: <\/strong><\/p>\n\n\n\n<!--more-->\n\n\n\n<blockquote class=\"wp-block-quote is-layout-flow wp-block-quote-is-layout-flow\">\n<p>&#8220;In der gegenw\u00e4rtigen Diskussion um neue Zuwanderungsregelungen wird das Beispiel Schweiz meist aufler acht gelassen. Dabei ist es seit Jahrzehnten das Land mit den h\u00f6chsten Ausl\u00e4nderanteilen der westlichen Industriestaaten, sieht man vom Sonderfall Luxemburg ab. Trotzdem gibt es dort augenscheinlich nur wenig Integrationsprobleme. Insofern lohnt es sich, einen Blick auf die Zuwanderungsregeln zu werfen und zu fragen, wie diese ausgestaltet<br>wurden, um eine &#8220;geregelte Zuwanderung&#8221; bei hohem Niveau der Ausl\u00e4nderbesch\u00e4ftigung zu gew\u00e4hrleisten.&#8221;<\/p>\n<\/blockquote>\n","protected":false},"excerpt":{"rendered":"<p>Author(s) : Heinz Werner Source : https:\/\/doku.iab.de\/kurzber\/2001\/kb0601.pdf Abstract:<\/p>\n","protected":false},"author":4,"featured_media":0,"comment_status":"open","ping_status":"open","sticky":false,"template":"","format":"standard","meta":{"_kadence_starter_templates_imported_post":false,"_kad_post_transparent":"","_kad_post_title":"","_kad_post_layout":"","_kad_post_sidebar_id":"","_kad_post_content_style":"","_kad_post_vertical_padding":"","_kad_post_feature":"","_kad_post_feature_position":"","_kad_post_header":false,"_kad_post_footer":false,"_kad_post_classname":"","jetpack_post_was_ever_published":false,"_jetpack_newsletter_access":"","_jetpack_dont_email_post_to_subs":true,"_jetpack_newsletter_tier_id":0,"_jetpack_memberships_contains_paywalled_content":false,"_jetpack_memberships_contains_paid_content":false,"footnotes":""},"categories":[12],"tags":[101,57,240,73,133,387,19,103,249,340],"class_list":["post-37306","post","type-post","status-publish","format-standard","hentry","category-politics","tag-101","tag-comparative-analysis","tag-employment","tag-german-language","tag-immigrant-policy","tag-integration-policy","tag-labour-market","tag-refugees","tag-report","tag-social-support"],"jetpack_featured_media_url":"","jetpack_sharing_enabled":true,"_links":{"self":[{"href":"https:\/\/swissmig.unine.ch\/index.php?rest_route=\/wp\/v2\/posts\/37306","targetHints":{"allow":["GET"]}}],"collection":[{"href":"https:\/\/swissmig.unine.ch\/index.php?rest_route=\/wp\/v2\/posts"}],"about":[{"href":"https:\/\/swissmig.unine.ch\/index.php?rest_route=\/wp\/v2\/types\/post"}],"author":[{"embeddable":true,"href":"https:\/\/swissmig.unine.ch\/index.php?rest_route=\/wp\/v2\/users\/4"}],"replies":[{"embeddable":true,"href":"https:\/\/swissmig.unine.ch\/index.php?rest_route=%2Fwp%2Fv2%2Fcomments&post=37306"}],"version-history":[{"count":0,"href":"https:\/\/swissmig.unine.ch\/index.php?rest_route=\/wp\/v2\/posts\/37306\/revisions"}],"wp:attachment":[{"href":"https:\/\/swissmig.unine.ch\/index.php?rest_route=%2Fwp%2Fv2%2Fmedia&parent=37306"}],"wp:term":[{"taxonomy":"category","embeddable":true,"href":"https:\/\/swissmig.unine.ch\/index.php?rest_route=%2Fwp%2Fv2%2Fcategories&post=37306"},{"taxonomy":"post_tag","embeddable":true,"href":"https:\/\/swissmig.unine.ch\/index.php?rest_route=%2Fwp%2Fv2%2Ftags&post=37306"}],"curies":[{"name":"wp","href":"https:\/\/api.w.org\/{rel}","templated":true}]}}