{"id":37304,"date":"2025-02-14T08:00:00","date_gmt":"2025-02-14T07:00:00","guid":{"rendered":"https:\/\/swissmig.wordpress.com\/?p=37304"},"modified":"2025-02-14T08:00:00","modified_gmt":"2025-02-14T07:00:00","slug":"inkorporation-von-zugewanderten-religionsgemeinschaften-in-der-schweiz-am-beispiel-der-aleviten-und-der-ahmadiyya","status":"publish","type":"post","link":"https:\/\/swissmig.unine.ch\/?p=37304","title":{"rendered":"Inkorporation von zugewanderten Religionsgemeinschaften in der Schweiz am Beispiel der Aleviten und der Ahmadiyya"},"content":{"rendered":"\n<h3 class=\"wp-block-heading\">Author(s) : Sarah Beyeler, Virginia Suter Reich<\/h3>\n\n\n\n<h3 class=\"wp-block-heading\">Source : <a href=\"https:\/\/doi.org\/10.5169\/seals-130428\" target=\"_blank\" rel=\"noreferrer noopener\">https:\/\/doi.org\/10.5169\/seals-130428<\/a><\/h3>\n\n\n\n<p><strong>Abstract: <\/strong><\/p>\n\n\n\n<!--more-->\n\n\n\n<blockquote class=\"wp-block-quote is-layout-flow wp-block-quote-is-layout-flow\">\n<p>&#8220;Die Religionsvielfalt in der Schweiz basiert unter anderem auf der Zuwanderung religi\u00f6ser Gemeinschaften. Auch die beiden (muslimischen) Diasporagemeinschaften der Aleviten und Ahmadis kamen im Zuge von Migrationsbewegungen in die Schweiz. Im europ\u00e4ischen Vergleich kann die Pr\u00e4senz von Muslimen in unserer Gesellschaft als ein Ph\u00e4nomen j\u00fcngeren Datums beurteilt werden, es handelt sich aber sicherlich nicht um eine v\u00f6llig neue Erscheinung.&#8221;<\/p>\n<\/blockquote>\n","protected":false},"excerpt":{"rendered":"<p>Author(s) : Sarah Beyeler, Virginia Suter Reich Source : https:\/\/doi.org\/10.5169\/seals-130428&#8230;<\/p>\n","protected":false},"author":4,"featured_media":0,"comment_status":"open","ping_status":"open","sticky":false,"template":"","format":"standard","meta":{"_kadence_starter_templates_imported_post":false,"_kad_post_transparent":"","_kad_post_title":"","_kad_post_layout":"","_kad_post_sidebar_id":"","_kad_post_content_style":"","_kad_post_vertical_padding":"","_kad_post_feature":"","_kad_post_feature_position":"","_kad_post_header":false,"_kad_post_footer":false,"_kad_post_classname":"","jetpack_post_was_ever_published":false,"_jetpack_newsletter_access":"","_jetpack_dont_email_post_to_subs":true,"_jetpack_newsletter_tier_id":0,"_jetpack_memberships_contains_paywalled_content":false,"_jetpack_memberships_contains_paid_content":false,"footnotes":""},"categories":[167],"tags":[134,7,483,136,73,116,444,168,91],"class_list":["post-37304","post","type-post","status-publish","format-standard","hentry","category-ethnicity-languages-religion-arts","tag-134","tag-article","tag-communities","tag-diasporas","tag-german-language","tag-muslims","tag-religious-institutions","tag-religious-practice","tag-social-integration"],"jetpack_featured_media_url":"","jetpack_sharing_enabled":true,"_links":{"self":[{"href":"https:\/\/swissmig.unine.ch\/index.php?rest_route=\/wp\/v2\/posts\/37304","targetHints":{"allow":["GET"]}}],"collection":[{"href":"https:\/\/swissmig.unine.ch\/index.php?rest_route=\/wp\/v2\/posts"}],"about":[{"href":"https:\/\/swissmig.unine.ch\/index.php?rest_route=\/wp\/v2\/types\/post"}],"author":[{"embeddable":true,"href":"https:\/\/swissmig.unine.ch\/index.php?rest_route=\/wp\/v2\/users\/4"}],"replies":[{"embeddable":true,"href":"https:\/\/swissmig.unine.ch\/index.php?rest_route=%2Fwp%2Fv2%2Fcomments&post=37304"}],"version-history":[{"count":0,"href":"https:\/\/swissmig.unine.ch\/index.php?rest_route=\/wp\/v2\/posts\/37304\/revisions"}],"wp:attachment":[{"href":"https:\/\/swissmig.unine.ch\/index.php?rest_route=%2Fwp%2Fv2%2Fmedia&parent=37304"}],"wp:term":[{"taxonomy":"category","embeddable":true,"href":"https:\/\/swissmig.unine.ch\/index.php?rest_route=%2Fwp%2Fv2%2Fcategories&post=37304"},{"taxonomy":"post_tag","embeddable":true,"href":"https:\/\/swissmig.unine.ch\/index.php?rest_route=%2Fwp%2Fv2%2Ftags&post=37304"}],"curies":[{"name":"wp","href":"https:\/\/api.w.org\/{rel}","templated":true}]}}