{"id":37301,"date":"2025-02-14T08:00:00","date_gmt":"2025-02-14T07:00:00","guid":{"rendered":"https:\/\/swissmig.wordpress.com\/?p=37301"},"modified":"2025-02-14T08:00:00","modified_gmt":"2025-02-14T07:00:00","slug":"die-spanische-mission-in-bern-in-den-1960er-und-1970er-jahren-und-ihre-bedeutung-fur-die-spanischen-migranten","status":"publish","type":"post","link":"https:\/\/swissmig.unine.ch\/?p=37301","title":{"rendered":"Die spanische Mission in Bern in den 1960er und 1970er Jahren und ihre Bedeutung f\u00fcr die spanischen Migranten"},"content":{"rendered":"\n<h3 class=\"wp-block-heading\">Author(s) : Susanna Schmitt<\/h3>\n\n\n\n<h3 class=\"wp-block-heading\">Source : <a href=\"https:\/\/doi.org\/10.5169\/seals-130425\" target=\"_blank\" rel=\"noreferrer noopener\">https:\/\/doi.org\/10.5169\/seals-130425<\/a><\/h3>\n\n\n\n<p><strong>Abstract: <\/strong><\/p>\n\n\n\n<!--more-->\n\n\n\n<blockquote class=\"wp-block-quote is-layout-flow wp-block-quote-is-layout-flow\">\n<p>&#8220;Gegen Ende der 1950er Jahre setzte die spanische Arbeitsmigration in die Schweiz ein und nahm rapide zu, so dass die Spanier und Spanierinnen schon bald den zweith\u00f6chsten Anteil &#8211; nach den Italienern &#8211; an den Immigranten stellten. Neben den St\u00e4dten Genf, Z\u00fcrich und Lausanne zog auch Bern mit den Industrieunternehmen, zu denen beispielsweise die Spinnerei Felscnau, die Wifag oder Von Roll geh\u00f6rten, den grossen Baufirmen, der H\u00f4tellerie und Gastronomie und dem Personalbedarf im Hausdienst zahlreiche spanische Einwanderer an.&#8221;<\/p>\n<\/blockquote>\n","protected":false},"excerpt":{"rendered":"<p>Author(s) : Susanna Schmitt Source : https:\/\/doi.org\/10.5169\/seals-130425 Abstract:<\/p>\n","protected":false},"author":4,"featured_media":0,"comment_status":"open","ping_status":"open","sticky":false,"template":"","format":"standard","meta":{"_kadence_starter_templates_imported_post":false,"_kad_post_transparent":"","_kad_post_title":"","_kad_post_layout":"","_kad_post_sidebar_id":"","_kad_post_content_style":"","_kad_post_vertical_padding":"","_kad_post_feature":"","_kad_post_feature_position":"","_kad_post_header":false,"_kad_post_footer":false,"_kad_post_classname":"","jetpack_post_was_ever_published":false,"_jetpack_newsletter_access":"","_jetpack_dont_email_post_to_subs":true,"_jetpack_newsletter_tier_id":0,"_jetpack_memberships_contains_paywalled_content":false,"_jetpack_memberships_contains_paid_content":false,"footnotes":""},"categories":[35],"tags":[134,119,258,176,240,73,19,100,103,340,349,158],"class_list":["post-37301","post","type-post","status-publish","format-standard","hentry","category-history","tag-134","tag-associations","tag-bern","tag-economic-integration","tag-employment","tag-german-language","tag-labour-market","tag-labour-migration","tag-refugees","tag-social-support","tag-spaniards","tag-working-conditions"],"jetpack_featured_media_url":"","jetpack_sharing_enabled":true,"_links":{"self":[{"href":"https:\/\/swissmig.unine.ch\/index.php?rest_route=\/wp\/v2\/posts\/37301","targetHints":{"allow":["GET"]}}],"collection":[{"href":"https:\/\/swissmig.unine.ch\/index.php?rest_route=\/wp\/v2\/posts"}],"about":[{"href":"https:\/\/swissmig.unine.ch\/index.php?rest_route=\/wp\/v2\/types\/post"}],"author":[{"embeddable":true,"href":"https:\/\/swissmig.unine.ch\/index.php?rest_route=\/wp\/v2\/users\/4"}],"replies":[{"embeddable":true,"href":"https:\/\/swissmig.unine.ch\/index.php?rest_route=%2Fwp%2Fv2%2Fcomments&post=37301"}],"version-history":[{"count":0,"href":"https:\/\/swissmig.unine.ch\/index.php?rest_route=\/wp\/v2\/posts\/37301\/revisions"}],"wp:attachment":[{"href":"https:\/\/swissmig.unine.ch\/index.php?rest_route=%2Fwp%2Fv2%2Fmedia&parent=37301"}],"wp:term":[{"taxonomy":"category","embeddable":true,"href":"https:\/\/swissmig.unine.ch\/index.php?rest_route=%2Fwp%2Fv2%2Fcategories&post=37301"},{"taxonomy":"post_tag","embeddable":true,"href":"https:\/\/swissmig.unine.ch\/index.php?rest_route=%2Fwp%2Fv2%2Ftags&post=37301"}],"curies":[{"name":"wp","href":"https:\/\/api.w.org\/{rel}","templated":true}]}}