{"id":37298,"date":"2025-02-14T08:00:00","date_gmt":"2025-02-14T07:00:00","guid":{"rendered":"https:\/\/swissmig.wordpress.com\/?p=37298"},"modified":"2025-02-14T08:00:00","modified_gmt":"2025-02-14T07:00:00","slug":"immigration-et-refuge-en-suisse-xixe-xxe-siecles-constats-et-perspectives-de-recherche","status":"publish","type":"post","link":"https:\/\/swissmig.unine.ch\/?p=37298","title":{"rendered":"Immigration et refuge en Suisse (XIXe-XXe si\u00e8cles) : constats et perspectives de recherche"},"content":{"rendered":"\n<h3 class=\"wp-block-heading\">Author(s) : G\u00e9rald Arlettaz, Marc Perrenoud<\/h3>\n\n\n\n<h3 class=\"wp-block-heading\">Source : <a href=\"https:\/\/doi.org\/10.5169\/seals-24364\" target=\"_blank\" rel=\"noreferrer noopener\">https:\/\/doi.org\/10.5169\/seals-24364<\/a><\/h3>\n\n\n\n<p><\/p>\n\n\n\n<!--more-->\n\n\n\n<blockquote class=\"wp-block-quote is-layout-flow wp-block-quote-is-layout-flow\">\n<p>Abstract : <\/p>\n\n\n\n<p>&#8220;En Suisse comme en Europe, depuis les ann\u00e9es 1990 en particulier, l\u2019\u00e9tude des migrations, du refuge et de certains ph\u00e9nom\u00e8nes sociaux qui leur sont associ\u00e9s, s&#8217;est d\u00e9velopp\u00e9e et progressivement institu\u00e9e en champ de recherche relativement autonome. Reste \u00e0 savoir dans quelle mesure la d\u00e9marche historienne s&#8217;inscrit dans une probl\u00e9matique du fait migratoire, qui soit explicative de ses rapports \u00e0 la soci\u00e9t\u00e9. Dans cette br\u00e8ve communication, nous n&#8217;avons certes pas la pr\u00e9tention de r\u00e9soudre ce vaste probl\u00e8me historiographique. Partis de recherches situ\u00e9es dans des contextes diff\u00e9rents &#8211; l\u2019\u00e9tude de l\u2019\u00e9migration et de l&#8217;immigration transnationales, notamment de l&#8217;attitude de la Suisse \u00e0 l\u2019\u00e9gard des \u00ab \u00e9trangers \u00bb pour l&#8217;un ; l\u2019antis\u00e9mitisme, les Italiens en Suisse et le refuge des victimes de la Deuxi\u00e8me Guerre mondiale pour l&#8217;autre &#8211; nous avons toutefois souvent abord\u00e9 nos interrogations r\u00e9ciproques sur les questions \u00e9voqu\u00e9es dans cet article. C&#8217;est la raison pour laquelle, nous reposant en particulier sur des constats expos\u00e9s dans d&#8217;autres publications, nous aimerions esquisser un d\u00e9bat sur le questionnement propre aux migrations et sugg\u00e9rer quelques r\u00e9flexions sur l\u2019\u00e9tat de la recherche. Ce d\u00e9bat aborde \u00e9galement des questions de m\u00e9thode. II n&#8217;a \u00e9videmment aucune volont\u00e9 de dresser un bilan exhaustif, ni d\u2019\u00e9tablir un bulletin critique.&#8221;<\/p>\n<\/blockquote>\n","protected":false},"excerpt":{"rendered":"<p>Author(s) : G\u00e9rald Arlettaz, Marc Perrenoud Source : https:\/\/doi.org\/10.5169\/seals-24364<\/p>\n","protected":false},"author":4,"featured_media":0,"comment_status":"open","ping_status":"open","sticky":false,"template":"","format":"standard","meta":{"_kadence_starter_templates_imported_post":false,"_kad_post_transparent":"","_kad_post_title":"","_kad_post_layout":"","_kad_post_sidebar_id":"","_kad_post_content_style":"","_kad_post_vertical_padding":"","_kad_post_feature":"","_kad_post_feature_position":"","_kad_post_header":false,"_kad_post_footer":false,"_kad_post_classname":"","jetpack_post_was_ever_published":false,"_jetpack_newsletter_access":"","_jetpack_dont_email_post_to_subs":true,"_jetpack_newsletter_tier_id":0,"_jetpack_memberships_contains_paywalled_content":false,"_jetpack_memberships_contains_paid_content":false,"footnotes":""},"categories":[35],"tags":[481,7,701,137,58,52,133,325,20,327,422,26],"class_list":["post-37298","post","type-post","status-publish","format-standard","hentry","category-history","tag-481","tag-article","tag-discussion-paper","tag-emigration","tag-europe","tag-french-language","tag-immigrant-policy","tag-methodology","tag-migration-flows","tag-research","tag-sociology","tag-transnationalism"],"jetpack_featured_media_url":"","jetpack_sharing_enabled":true,"_links":{"self":[{"href":"https:\/\/swissmig.unine.ch\/index.php?rest_route=\/wp\/v2\/posts\/37298","targetHints":{"allow":["GET"]}}],"collection":[{"href":"https:\/\/swissmig.unine.ch\/index.php?rest_route=\/wp\/v2\/posts"}],"about":[{"href":"https:\/\/swissmig.unine.ch\/index.php?rest_route=\/wp\/v2\/types\/post"}],"author":[{"embeddable":true,"href":"https:\/\/swissmig.unine.ch\/index.php?rest_route=\/wp\/v2\/users\/4"}],"replies":[{"embeddable":true,"href":"https:\/\/swissmig.unine.ch\/index.php?rest_route=%2Fwp%2Fv2%2Fcomments&post=37298"}],"version-history":[{"count":0,"href":"https:\/\/swissmig.unine.ch\/index.php?rest_route=\/wp\/v2\/posts\/37298\/revisions"}],"wp:attachment":[{"href":"https:\/\/swissmig.unine.ch\/index.php?rest_route=%2Fwp%2Fv2%2Fmedia&parent=37298"}],"wp:term":[{"taxonomy":"category","embeddable":true,"href":"https:\/\/swissmig.unine.ch\/index.php?rest_route=%2Fwp%2Fv2%2Fcategories&post=37298"},{"taxonomy":"post_tag","embeddable":true,"href":"https:\/\/swissmig.unine.ch\/index.php?rest_route=%2Fwp%2Fv2%2Ftags&post=37298"}],"curies":[{"name":"wp","href":"https:\/\/api.w.org\/{rel}","templated":true}]}}