{"id":37269,"date":"2025-02-11T08:00:00","date_gmt":"2025-02-11T07:00:00","guid":{"rendered":"https:\/\/swissmig.wordpress.com\/?p=37269"},"modified":"2025-02-11T08:00:00","modified_gmt":"2025-02-11T07:00:00","slug":"lemigration-valaisanne-en-algerie-au-xixe-siecle","status":"publish","type":"post","link":"https:\/\/swissmig.unine.ch\/?p=37269","title":{"rendered":"L&#8217;\u00e9migration valaisanne en Alg\u00e9rie au XIXe si\u00e8cle"},"content":{"rendered":"\n<h3 class=\"wp-block-heading\">Author(s) : Eric Maye<\/h3>\n\n\n\n<h3 class=\"wp-block-heading\">Source : <a href=\"https:\/\/doc.rero.ch\/record\/21204\" target=\"_blank\" rel=\"noreferrer noopener\">https:\/\/doc.rero.ch\/record\/21204<\/a><\/h3>\n\n\n\n<p><\/p>\n\n\n\n<!--more-->\n\n\n\n<blockquote class=\"wp-block-quote is-layout-flow wp-block-quote-is-layout-flow\">\n<p>Abstract : <\/p>\n\n\n\n<p>&#8220;L\u2019\u00e9migration valaisanne pour l\u2019outre-mer d\u00e9buta v\u00e9ritablement \u00e0 la fin des ann\u00e9es 1810 avec l\u2019aventure br\u00e9silienne de \u00abNova Fribourgo\u00bb \u00e0 laquelle se joignirent quelques Valaisans. Pour voir une nouvelle \u00e9migration valaisanne \u00abde masse\u00bb, c\u2019est-\u00e0-dire constitu\u00e9e de familles, il fallut ensuite attendre les ann\u00e9es 1850, et l\u2019\u00e9pisode alg\u00e9rien, bien vite relay\u00e9 par le courant migratoire transatlantique (milieu des ann\u00e9es 1850) qui alla en s\u2019amplifiant, connaissant trois moments forts (1857-1860, 1868-1869 et surtout 1872-1876).&#8221;<\/p>\n<\/blockquote>\n","protected":false},"excerpt":{"rendered":"<p>Author(s) : Eric Maye Source : https:\/\/doc.rero.ch\/record\/21204<\/p>\n","protected":false},"author":4,"featured_media":0,"comment_status":"open","ping_status":"open","sticky":false,"template":"","format":"standard","meta":{"_kadence_starter_templates_imported_post":false,"_kad_post_transparent":"","_kad_post_title":"","_kad_post_layout":"","_kad_post_sidebar_id":"","_kad_post_content_style":"","_kad_post_vertical_padding":"","_kad_post_feature":"","_kad_post_feature_position":"","_kad_post_header":false,"_kad_post_footer":false,"_kad_post_classname":"","jetpack_post_was_ever_published":false,"_jetpack_newsletter_access":"","_jetpack_dont_email_post_to_subs":true,"_jetpack_newsletter_tier_id":0,"_jetpack_memberships_contains_paywalled_content":false,"_jetpack_memberships_contains_paid_content":false,"footnotes":""},"categories":[35],"tags":[243,615,7,557,137,52,20],"class_list":["post-37269","post","type-post","status-publish","format-standard","hentry","category-history","tag-243","tag-algeria","tag-article","tag-brazil","tag-emigration","tag-french-language","tag-migration-flows"],"jetpack_featured_media_url":"","jetpack_sharing_enabled":true,"_links":{"self":[{"href":"https:\/\/swissmig.unine.ch\/index.php?rest_route=\/wp\/v2\/posts\/37269","targetHints":{"allow":["GET"]}}],"collection":[{"href":"https:\/\/swissmig.unine.ch\/index.php?rest_route=\/wp\/v2\/posts"}],"about":[{"href":"https:\/\/swissmig.unine.ch\/index.php?rest_route=\/wp\/v2\/types\/post"}],"author":[{"embeddable":true,"href":"https:\/\/swissmig.unine.ch\/index.php?rest_route=\/wp\/v2\/users\/4"}],"replies":[{"embeddable":true,"href":"https:\/\/swissmig.unine.ch\/index.php?rest_route=%2Fwp%2Fv2%2Fcomments&post=37269"}],"version-history":[{"count":0,"href":"https:\/\/swissmig.unine.ch\/index.php?rest_route=\/wp\/v2\/posts\/37269\/revisions"}],"wp:attachment":[{"href":"https:\/\/swissmig.unine.ch\/index.php?rest_route=%2Fwp%2Fv2%2Fmedia&parent=37269"}],"wp:term":[{"taxonomy":"category","embeddable":true,"href":"https:\/\/swissmig.unine.ch\/index.php?rest_route=%2Fwp%2Fv2%2Fcategories&post=37269"},{"taxonomy":"post_tag","embeddable":true,"href":"https:\/\/swissmig.unine.ch\/index.php?rest_route=%2Fwp%2Fv2%2Ftags&post=37269"}],"curies":[{"name":"wp","href":"https:\/\/api.w.org\/{rel}","templated":true}]}}