{"id":37258,"date":"2025-03-03T08:00:00","date_gmt":"2025-03-03T07:00:00","guid":{"rendered":"https:\/\/swissmig.wordpress.com\/?p=37258"},"modified":"2025-03-03T08:00:00","modified_gmt":"2025-03-03T07:00:00","slug":"la-feminisation-de-la-migration-etude-de-cas-des-nicaraguayennes-en-suisse","status":"publish","type":"post","link":"https:\/\/swissmig.unine.ch\/?p=37258","title":{"rendered":"La f\u00e9minisation de la migration : \u00e9tude de cas des Nicaraguayennes en Suisse"},"content":{"rendered":"\n<h3 class=\"wp-block-heading\">Author(s) : Ariadna Bucardo Chavez<\/h3>\n\n\n\n<h3 class=\"wp-block-heading\">Source : <a href=\"https:\/\/libra.unine.ch\/handle\/123456789\/31802\" target=\"_blank\" rel=\"noreferrer noopener\">https:\/\/libra.unine.ch\/handle\/123456789\/31802<\/a><\/h3>\n\n\n\n<p><strong>Abstract: <\/strong><\/p>\n\n\n\n<!--more-->\n\n\n\n<blockquote class=\"wp-block-quote is-layout-flow wp-block-quote-is-layout-flow\">\n<p>&#8220;Les ann\u00e9es 1980 ont marqu\u00e9 un tournant dans les \u00e9tudes sur les migrations. Les chercheur- euse-s sont surpris lorsqu\u2019iels commencent \u00e0 observer le nombre croissant de femmes dans les flux internationaux. C\u2019est \u00e0 ce moment-l\u00e0 que les recherches commencent \u00e0 les visibiliser dans la migration et \u00e0 les consid\u00e9rer comme actrices de leurs parcours migratoires. Au cours de ces ann\u00e9es est apparu le concept de \u00ab f\u00e9minisation de la migration \u00bb et la grande question pour les chercheur-euse-s est de comprendre si nous sommes r\u00e9ellement confront\u00e9s \u00e0 ce ph\u00e9nom\u00e8ne, \u00e9tant donn\u00e9 qu\u2019en 1960 les femmes repr\u00e9sentaient le 46,6% des migrant-e-s internationaux-ales et selon les derniers chiffres de 2020, elles repr\u00e9sentaient le 48,1 %, soit une augmentation modeste.<br>N\u00e9anmoins, c\u2019est l\u2019aspect qualitatif qui est consid\u00e9r\u00e9 aujourd\u2019hui, c\u2019est-\u00e0-dire que l\u2019on consid\u00e8re que les formes de la migration ont chang\u00e9. De plus en plus de femmes \u00e9migrent de mani\u00e8re ind\u00e9pendante, autonome, en tant qu\u2019actrices de leur propre migration et en tant que cheffes de famille et d\u2019une cha\u00eene migratoire. \u00c0 travers l&#8217;\u00e9tude de cas des Nicaraguayennes en Suisse ce m\u00e9moire vise \u00e0 comprendre dans quels cas nous sommes confront\u00e9s \u00e0 une \u00ab f\u00e9minisation de la migration \u00bb. Il s&#8217;agit ensuite d&#8217;examiner l&#8217;immigration nicaraguayenne dans la Conf\u00e9d\u00e9ration, qui se caract\u00e9rise par une forte composante f\u00e9minine. Nous pouvons ainsi les d\u00e9crire et les consid\u00e9rer comme un groupe avec ses propres projets, ses propres motivations, comme protagonistes de la migration, etc. Tout ceci permet \u00e9galement d&#8217;inclure des approches de genre, comme le sugg\u00e8rent les chercheur-euse-s.&#8221;<\/p>\n\n\n\n<p><strong>Mots-cl\u00e9s<\/strong> : f\u00e9minisation de la migration, migration f\u00e9minine, genre, Latino-Am\u00e9ricaines, Nicaraguayennes, Nicaragua, Suisse, feminization of migration, female migration, gender, Latino-American women, Nicaraguan women, Switzerland<\/p>\n<\/blockquote>\n\n\n\n<p><\/p>\n","protected":false},"excerpt":{"rendered":"<p>Author(s) : Ariadna Bucardo Chavez Source : https:\/\/libra.unine.ch\/handle\/123456789\/31802 Abstract:<\/p>\n","protected":false},"author":4,"featured_media":0,"comment_status":"open","ping_status":"open","sticky":false,"template":"","format":"standard","meta":{"_kadence_starter_templates_imported_post":false,"_kad_post_transparent":"","_kad_post_title":"","_kad_post_layout":"","_kad_post_sidebar_id":"","_kad_post_content_style":"","_kad_post_vertical_padding":"","_kad_post_feature":"","_kad_post_feature_position":"","_kad_post_header":false,"_kad_post_footer":false,"_kad_post_classname":"","jetpack_post_was_ever_published":false,"_jetpack_newsletter_access":"","_jetpack_dont_email_post_to_subs":false,"_jetpack_newsletter_tier_id":0,"_jetpack_memberships_contains_paywalled_content":false,"_jetpack_memberships_contains_paid_content":false,"footnotes":""},"categories":[43],"tags":[739,52,148,261,319,66,20,138,798,91,201],"class_list":["post-37258","post","type-post","status-publish","format-standard","hentry","category-the-migration-phenomenon","tag-739","tag-french-language","tag-gender","tag-latin-americans","tag-master-thesis","tag-migration","tag-migration-flows","tag-migration-motives","tag-nicaragua","tag-social-integration","tag-women"],"jetpack_featured_media_url":"","jetpack_sharing_enabled":true,"_links":{"self":[{"href":"https:\/\/swissmig.unine.ch\/index.php?rest_route=\/wp\/v2\/posts\/37258","targetHints":{"allow":["GET"]}}],"collection":[{"href":"https:\/\/swissmig.unine.ch\/index.php?rest_route=\/wp\/v2\/posts"}],"about":[{"href":"https:\/\/swissmig.unine.ch\/index.php?rest_route=\/wp\/v2\/types\/post"}],"author":[{"embeddable":true,"href":"https:\/\/swissmig.unine.ch\/index.php?rest_route=\/wp\/v2\/users\/4"}],"replies":[{"embeddable":true,"href":"https:\/\/swissmig.unine.ch\/index.php?rest_route=%2Fwp%2Fv2%2Fcomments&post=37258"}],"version-history":[{"count":0,"href":"https:\/\/swissmig.unine.ch\/index.php?rest_route=\/wp\/v2\/posts\/37258\/revisions"}],"wp:attachment":[{"href":"https:\/\/swissmig.unine.ch\/index.php?rest_route=%2Fwp%2Fv2%2Fmedia&parent=37258"}],"wp:term":[{"taxonomy":"category","embeddable":true,"href":"https:\/\/swissmig.unine.ch\/index.php?rest_route=%2Fwp%2Fv2%2Fcategories&post=37258"},{"taxonomy":"post_tag","embeddable":true,"href":"https:\/\/swissmig.unine.ch\/index.php?rest_route=%2Fwp%2Fv2%2Ftags&post=37258"}],"curies":[{"name":"wp","href":"https:\/\/api.w.org\/{rel}","templated":true}]}}