{"id":37254,"date":"2025-02-11T08:00:00","date_gmt":"2025-02-11T07:00:00","guid":{"rendered":"https:\/\/swissmig.wordpress.com\/?p=37254"},"modified":"2025-02-11T08:00:00","modified_gmt":"2025-02-11T07:00:00","slug":"lemigration-un-enjeu-politique-cantonal-et-national-1848-1888-2","status":"publish","type":"post","link":"https:\/\/swissmig.unine.ch\/?p=37254","title":{"rendered":"L\u2019\u00e9migration : un enjeu politique cantonal et national (1848-1888)"},"content":{"rendered":"\n<h3 class=\"wp-block-heading\">Author(s) : G\u00e9rald Arlettaz<\/h3>\n\n\n\n<h3 class=\"wp-block-heading\">Source : <a href=\"https:\/\/doc.rero.ch\/record\/21894\" target=\"_blank\" rel=\"noreferrer noopener\">https:\/\/doc.rero.ch\/record\/21894<\/a><\/h3>\n\n\n\n<!--more-->\n\n\n\n<blockquote class=\"wp-block-quote is-layout-flow wp-block-quote-is-layout-flow\">\n<h4 class=\"wp-block-heading\"><strong>Abstract<\/strong><\/h4>\n\n\n\n<p>&#8220;A l&#8217;heure o\u00f9 les \u00abCousins d&#8217;Am\u00e9rique\u00bb rejoignent les Valaisans pour c\u00e9l\u00e9brer \u00ables trois ordres historiques de r\u00e9f\u00e9rence communautaire\u00bb : l&#8217;identit\u00e9 g\u00e9n\u00e9alogique, l&#8217;origine nationale et la religion comme matrice d&#8217;une sacralisation collective, il para\u00eet n\u00e9cessaire de poser la question de l&#8217;\u00e9migration en des termes diff\u00e9rents.&#8221;<\/p>\n<\/blockquote>\n\n\n\n<p><\/p>\n","protected":false},"excerpt":{"rendered":"<p>Author(s) : G\u00e9rald Arlettaz Source : https:\/\/doc.rero.ch\/record\/21894<\/p>\n","protected":false},"author":4,"featured_media":0,"comment_status":"open","ping_status":"open","sticky":false,"template":"","format":"standard","meta":{"_kadence_starter_templates_imported_post":false,"_kad_post_transparent":"","_kad_post_title":"","_kad_post_layout":"","_kad_post_sidebar_id":"","_kad_post_content_style":"","_kad_post_vertical_padding":"","_kad_post_feature":"","_kad_post_feature_position":"","_kad_post_header":false,"_kad_post_footer":false,"_kad_post_classname":"","jetpack_post_was_ever_published":false,"_jetpack_newsletter_access":"","_jetpack_dont_email_post_to_subs":true,"_jetpack_newsletter_tier_id":0,"_jetpack_memberships_contains_paywalled_content":false,"_jetpack_memberships_contains_paid_content":false,"footnotes":""},"categories":[35],"tags":[532,7,273,137,52,36,174,330,369],"class_list":["post-37254","post","type-post","status-publish","format-standard","hentry","category-history","tag-532","tag-article","tag-cantons","tag-emigration","tag-french-language","tag-migration-policy","tag-nationalism","tag-politics","tag-valais"],"jetpack_featured_media_url":"","jetpack_sharing_enabled":true,"_links":{"self":[{"href":"https:\/\/swissmig.unine.ch\/index.php?rest_route=\/wp\/v2\/posts\/37254","targetHints":{"allow":["GET"]}}],"collection":[{"href":"https:\/\/swissmig.unine.ch\/index.php?rest_route=\/wp\/v2\/posts"}],"about":[{"href":"https:\/\/swissmig.unine.ch\/index.php?rest_route=\/wp\/v2\/types\/post"}],"author":[{"embeddable":true,"href":"https:\/\/swissmig.unine.ch\/index.php?rest_route=\/wp\/v2\/users\/4"}],"replies":[{"embeddable":true,"href":"https:\/\/swissmig.unine.ch\/index.php?rest_route=%2Fwp%2Fv2%2Fcomments&post=37254"}],"version-history":[{"count":0,"href":"https:\/\/swissmig.unine.ch\/index.php?rest_route=\/wp\/v2\/posts\/37254\/revisions"}],"wp:attachment":[{"href":"https:\/\/swissmig.unine.ch\/index.php?rest_route=%2Fwp%2Fv2%2Fmedia&parent=37254"}],"wp:term":[{"taxonomy":"category","embeddable":true,"href":"https:\/\/swissmig.unine.ch\/index.php?rest_route=%2Fwp%2Fv2%2Fcategories&post=37254"},{"taxonomy":"post_tag","embeddable":true,"href":"https:\/\/swissmig.unine.ch\/index.php?rest_route=%2Fwp%2Fv2%2Ftags&post=37254"}],"curies":[{"name":"wp","href":"https:\/\/api.w.org\/{rel}","templated":true}]}}