{"id":37248,"date":"2025-02-24T08:00:00","date_gmt":"2025-02-24T07:00:00","guid":{"rendered":"https:\/\/swissmig.wordpress.com\/?p=37248"},"modified":"2025-02-24T08:00:00","modified_gmt":"2025-02-24T07:00:00","slug":"un-logement-plutot-quun-hebergement-chances-et-defis-de-lhebergement-prive-de-personnes-refugiees-titulaires-du-statut-de-protection-s-housing-instead-of-accommodation-opportuni","status":"publish","type":"post","link":"https:\/\/swissmig.unine.ch\/?p=37248","title":{"rendered":"Un logement plut\u00f4t qu\u2019un h\u00e9bergement : chances et d\u00e9fis de l\u2019h\u00e9bergement priv\u00e9 de personnes r\u00e9fugi\u00e9es titulaires du statut de protection S \/ Housing instead of accommodation: opportunities and challenges of private accommodation for refugees with protection status S"},"content":{"rendered":"\n<h3 class=\"wp-block-heading\">Author(s) : Eveline Ammann Dula, Gesine Fuchs, Gesine, Nadine Gautschi, Eva Granwehr, Selina Lutz<\/h3>\n\n\n\n<h3 class=\"wp-block-heading\">Source : <a href=\"https:\/\/arbor.bfh.ch\/handle\/arbor\/36809\" target=\"_blank\" rel=\"noreferrer noopener\">https:\/\/arbor.bfh.ch\/handle\/arbor\/36809<\/a><\/h3>\n\n\n\n<p>Source (pdf fre): <a href=\"https:\/\/arbor.bfh.ch\/server\/api\/core\/bitstreams\/d77a983f-3eed-4e04-b658-ea5a75d582fa\/content\" target=\"_blank\" rel=\"noreferrer noopener\">https:\/\/arbor.bfh.ch\/server\/api\/core\/bitstreams\/d77a983f-3eed-4e04-b658-ea5a75d582fa\/content<\/a> <\/p>\n\n\n\n<p>Source (pdf eng): <a href=\"https:\/\/arbor.bfh.ch\/server\/api\/core\/bitstreams\/7840bec6-0ec3-4682-8227-466d8aaa53b2\/content\" target=\"_blank\" rel=\"noreferrer noopener\">https:\/\/arbor.bfh.ch\/server\/api\/core\/bitstreams\/7840bec6-0ec3-4682-8227-466d8aaa53b2\/content<\/a> <\/p>\n\n\n\n<p><strong>Abstract: <\/strong><\/p>\n\n\n\n<!--more-->\n\n\n\n<blockquote class=\"wp-block-quote is-layout-flow wp-block-quote-is-layout-flow\">\n<p>&#8220;Apr\u00e8s le d\u00e9clenchement de la guerre en Ukraine, l\u2019h\u00e9bergement priv\u00e9 s\u2019est \u00e9tabli pour la premi\u00e8re fois comme un pilier de la politique officielle d\u2019accueil des personnes r\u00e9fugi\u00e9es en Suisse et a permis d\u2019\u00e9viter la saturation du syst\u00e8me d\u2019asile (Strauss et al. 2023). Le projet dont il est question ici a cherch\u00e9 \u00e0 comprendre si et comment l\u2019h\u00e9bergement priv\u00e9 facilitait l\u2019arriv\u00e9e des personnes r\u00e9fugi\u00e9es et promouvait leur int\u00e9gration sociale. Nous avons examin\u00e9 la fa\u00e7on dont il \u00e9tait v\u00e9cu par les personnes concern\u00e9es. \u00c0 cette fin, nous avons men\u00e9 des entretiens qualitatifs tant avec les &#8220;familles d&#8217;acceuil&#8221; qu\u2019avec des personnes venues d\u2019Ukraine. Dans le cadre d\u2019une enqu\u00eate quantitative en ligne men\u00e9e durant l\u2019hiver 2022, en collaboration avec l\u2019OSAR, nous avons \u00e9galement interrog\u00e9 les &#8220;familles d&#8217;acceuil&#8221; sur leur exp\u00e9rience g\u00e9n\u00e9rale li\u00e9e \u00e0 la cohabitation avec des personnes r\u00e9fugi\u00e9es.&#8221;<\/p>\n\n\n\n<p>&#8220;After Russia\u2019s full-scale invasion of Ukraine, private accommodation became a key element of the official reception policy for refugees in Switzerland for the first time and helped to prevent the asylum system from becoming overburdened (Strauss et al. 2023). This project investigated<br>whether and in what way private accommodation facilitates the arrival of refugees and promotes social integration. We investigated how refugees and \u201chost families\u201d experienced private accommodation. To this end, we conducted qualitative interviews with both &#8220;host families&#8221; and Ukrainians. In addition, we conducted a quantitative online survey in winter 2022 in collaborationwith the Swiss Refugee Council (SFH) to ask the &#8220;host families&#8221; about their general experience ofliving with the refugees.&#8221;<\/p>\n\n\n\n<p><strong> Keywords<\/strong>: Social Sciences (General),  Sociology, The family. Marriage. Woman, Societies secret benevolent etc, Communities. Classes. Races, Social pathology. Social and public welfare, Political institutions (General), Colonies and colonization. Emigration and immigration. International migration<\/p>\n\n\n\n<p><\/p>\n<\/blockquote>\n","protected":false},"excerpt":{"rendered":"<p>Author(s) : Eveline Ammann Dula, Gesine Fuchs, Gesine, Nadine Gautschi,&#8230;<\/p>\n","protected":false},"author":4,"featured_media":0,"comment_status":"open","ping_status":"open","sticky":false,"template":"","format":"standard","meta":{"_kadence_starter_templates_imported_post":false,"_kad_post_transparent":"","_kad_post_title":"","_kad_post_layout":"","_kad_post_sidebar_id":"","_kad_post_content_style":"","_kad_post_vertical_padding":"","_kad_post_feature":"","_kad_post_feature_position":"","_kad_post_header":false,"_kad_post_footer":false,"_kad_post_classname":"","jetpack_post_was_ever_published":false,"_jetpack_newsletter_access":"","_jetpack_dont_email_post_to_subs":false,"_jetpack_newsletter_tier_id":0,"_jetpack_memberships_contains_paywalled_content":false,"_jetpack_memberships_contains_paid_content":false,"footnotes":""},"categories":[109],"tags":[291,119,49,9,21,52,744,378,98,373,90,249,91,647],"class_list":["post-37248","post","type-post","status-publish","format-standard","hentry","category-human-geography","tag-291","tag-associations","tag-asylum-policy","tag-english-language","tag-family","tag-french-language","tag-host-family","tag-housing","tag-immigration-policy","tag-qualitative-research","tag-reception-policy","tag-report","tag-social-integration","tag-ukrainians"],"jetpack_featured_media_url":"","jetpack_sharing_enabled":true,"_links":{"self":[{"href":"https:\/\/swissmig.unine.ch\/index.php?rest_route=\/wp\/v2\/posts\/37248","targetHints":{"allow":["GET"]}}],"collection":[{"href":"https:\/\/swissmig.unine.ch\/index.php?rest_route=\/wp\/v2\/posts"}],"about":[{"href":"https:\/\/swissmig.unine.ch\/index.php?rest_route=\/wp\/v2\/types\/post"}],"author":[{"embeddable":true,"href":"https:\/\/swissmig.unine.ch\/index.php?rest_route=\/wp\/v2\/users\/4"}],"replies":[{"embeddable":true,"href":"https:\/\/swissmig.unine.ch\/index.php?rest_route=%2Fwp%2Fv2%2Fcomments&post=37248"}],"version-history":[{"count":0,"href":"https:\/\/swissmig.unine.ch\/index.php?rest_route=\/wp\/v2\/posts\/37248\/revisions"}],"wp:attachment":[{"href":"https:\/\/swissmig.unine.ch\/index.php?rest_route=%2Fwp%2Fv2%2Fmedia&parent=37248"}],"wp:term":[{"taxonomy":"category","embeddable":true,"href":"https:\/\/swissmig.unine.ch\/index.php?rest_route=%2Fwp%2Fv2%2Fcategories&post=37248"},{"taxonomy":"post_tag","embeddable":true,"href":"https:\/\/swissmig.unine.ch\/index.php?rest_route=%2Fwp%2Fv2%2Ftags&post=37248"}],"curies":[{"name":"wp","href":"https:\/\/api.w.org\/{rel}","templated":true}]}}