{"id":37244,"date":"2025-02-07T08:00:00","date_gmt":"2025-02-07T07:00:00","guid":{"rendered":"https:\/\/swissmig.wordpress.com\/?p=37244"},"modified":"2025-02-07T08:00:00","modified_gmt":"2025-02-07T07:00:00","slug":"un-improbable-refuge-les-repercussions-sur-la-sante-mentale-des-procedures-en-matiere-dasile","status":"publish","type":"post","link":"https:\/\/swissmig.unine.ch\/?p=37244","title":{"rendered":"Un improbable refuge. Les r\u00e9percussions sur la sant\u00e9 mentale des proc\u00e9dures en mati\u00e8re d&#8217;asile"},"content":{"rendered":"\n<h3 class=\"wp-block-heading\">Author(s) : Marulla Hauswirth, Assal Momeni Canellini, Nathalie Bennoun, <\/h3>\n\n\n\n<h3 class=\"wp-block-heading\">Source : <a href=\"https:\/\/doi.org\/10.3917\/psys.044.0215\" target=\"_blank\" rel=\"noreferrer noopener\">https:\/\/doi.org\/10.3917\/psys.044.0215<\/a><\/h3>\n\n\n\n<p><strong>Abstract: <\/strong><\/p>\n\n\n\n<!--more-->\n\n\n\n<blockquote class=\"wp-block-quote is-layout-flow wp-block-quote-is-layout-flow\">\n<p>&#8220;Les d\u00e9marches de demande d\u2019asile \u2013 auditions, attente plus ou moins longue pour l\u2019\u00e9tude du dossier, r\u00e9ponse n\u00e9gative \u00e0 la demande d\u2019asile, conditions de s\u00e9jour provisoires, li\u00e9es \u00e0 une pr\u00e9carit\u00e9 sociale \u2013 entrent souvent en r\u00e9sonance avec les \u00e9v\u00e9nements et les traumatismes \u00e0 l\u2019origine de l\u2019exil. Les difficult\u00e9s administratives et leurs cons\u00e9quences s\u2019additionnent aux \u00e9preuves qui r\u00e9sultent directement de la migration et de ses deuils, aggravant les cons\u00e9quences psychiques.<br>Cet article propose une r\u00e9flexion clinique sur les r\u00e9percussions psychiques de ces d\u00e9marches. A partir d\u2019exemples issus de notre pratique psychoth\u00e9rapeutique, dans le cadre de l\u2019association <em>Appartenances<\/em>, aupr\u00e8s de victimes de violences collectives et\/ou individuelles, nous discutons les enjeux d\u2019une telle prise en charge, et proposons des id\u00e9es-guides qui nous sont apparues au fil des ans essentielles \u00e0 ce type d\u2019accompagnement.&#8221;<\/p>\n\n\n\n<p><strong>Mots-cl\u00e9s<\/strong> : psychoth\u00e9rapie, r\u00e9fugi\u00e9s, asile, sant\u00e9 mentale, traumatismes<\/p>\n<\/blockquote>\n","protected":false},"excerpt":{"rendered":"<p>Author(s) : Marulla Hauswirth, Assal Momeni Canellini, Nathalie Bennoun, Source&#8230;<\/p>\n","protected":false},"author":4,"featured_media":0,"comment_status":"open","ping_status":"open","sticky":false,"template":"","format":"standard","meta":{"_kadence_starter_templates_imported_post":false,"_kad_post_transparent":"","_kad_post_title":"","_kad_post_layout":"","_kad_post_sidebar_id":"","_kad_post_content_style":"","_kad_post_vertical_padding":"","_kad_post_feature":"","_kad_post_feature_position":"","_kad_post_header":false,"_kad_post_footer":false,"_kad_post_classname":"","jetpack_post_was_ever_published":false,"_jetpack_newsletter_access":"","_jetpack_dont_email_post_to_subs":true,"_jetpack_newsletter_tier_id":0,"_jetpack_memberships_contains_paywalled_content":false,"_jetpack_memberships_contains_paid_content":false,"footnotes":""},"categories":[59],"tags":[85,7,119,112,50,52,185,237,177,188,416],"class_list":["post-37244","post","type-post","status-publish","format-standard","hentry","category-health","tag-85","tag-article","tag-associations","tag-asylum-procedure","tag-asylum-seekers","tag-french-language","tag-mental-health","tag-psychanalysis","tag-psychological-well-being","tag-ptsd","tag-violence"],"jetpack_featured_media_url":"","jetpack_sharing_enabled":true,"_links":{"self":[{"href":"https:\/\/swissmig.unine.ch\/index.php?rest_route=\/wp\/v2\/posts\/37244","targetHints":{"allow":["GET"]}}],"collection":[{"href":"https:\/\/swissmig.unine.ch\/index.php?rest_route=\/wp\/v2\/posts"}],"about":[{"href":"https:\/\/swissmig.unine.ch\/index.php?rest_route=\/wp\/v2\/types\/post"}],"author":[{"embeddable":true,"href":"https:\/\/swissmig.unine.ch\/index.php?rest_route=\/wp\/v2\/users\/4"}],"replies":[{"embeddable":true,"href":"https:\/\/swissmig.unine.ch\/index.php?rest_route=%2Fwp%2Fv2%2Fcomments&post=37244"}],"version-history":[{"count":0,"href":"https:\/\/swissmig.unine.ch\/index.php?rest_route=\/wp\/v2\/posts\/37244\/revisions"}],"wp:attachment":[{"href":"https:\/\/swissmig.unine.ch\/index.php?rest_route=%2Fwp%2Fv2%2Fmedia&parent=37244"}],"wp:term":[{"taxonomy":"category","embeddable":true,"href":"https:\/\/swissmig.unine.ch\/index.php?rest_route=%2Fwp%2Fv2%2Fcategories&post=37244"},{"taxonomy":"post_tag","embeddable":true,"href":"https:\/\/swissmig.unine.ch\/index.php?rest_route=%2Fwp%2Fv2%2Ftags&post=37244"}],"curies":[{"name":"wp","href":"https:\/\/api.w.org\/{rel}","templated":true}]}}