{"id":37229,"date":"2025-02-10T08:00:00","date_gmt":"2025-02-10T07:00:00","guid":{"rendered":"https:\/\/swissmig.wordpress.com\/?p=37229"},"modified":"2025-02-10T08:00:00","modified_gmt":"2025-02-10T07:00:00","slug":"le-corps-immigre-a-lepreuve-du-controle-sanitaire-de-frontiere-en-suisse-insecurite-invisibilite-et-mise-au-travail","status":"publish","type":"post","link":"https:\/\/swissmig.unine.ch\/?p=37229","title":{"rendered":"Le corps immigr\u00e9 \u00e0 l\u2019\u00e9preuve du contr\u00f4le sanitaire de fronti\u00e8re en Suisse : (in)s\u00e9curit\u00e9, (in)visibilit\u00e9 et mise au travail"},"content":{"rendered":"\n<h3 class=\"wp-block-heading\">Author(s) : Victor Santos\u00a0Rodriguez<\/h3>\n\n\n\n<h3 class=\"wp-block-heading\">Source : <a href=\"https:\/\/doi.org\/10.4000\/12x5s\" target=\"_blank\" rel=\"noreferrer noopener\">https:\/\/doi.org\/10.4000\/12x5s<\/a><\/h3>\n\n\n\n<p><strong>Abstract: <\/strong><\/p>\n\n\n\n<!--more-->\n\n\n\n<blockquote class=\"wp-block-quote is-layout-flow wp-block-quote-is-layout-flow\"><\/blockquote>\n\n\n\n<p>Cet article porte sur le contr\u00f4le sanitaire auquel les travailleur\u00b7euse\u00b7s \u00e9tranger\u00b7\u00e8re\u00b7s saisonnier\u00b7\u00e8re\u00b7s devaient se soumettre \u00e0 leur arriv\u00e9e en Suisse durant la deuxi\u00e8me moiti\u00e9 du xx<sup>e<\/sup>\u00a0si\u00e8cle. Alors que les autorit\u00e9s du pays pr\u00e9sentaient cette visite m\u00e9dicale comme une simple \u00ab\u00a0formalit\u00e9\u00a0\u00bb con\u00e7ue \u00ab\u00a0dans le propre int\u00e9r\u00eat des travailleurs\u00a0\u00bb, les t\u00e9moignages de celles et ceux qui l\u2019ont v\u00e9cue offrent un tout autre r\u00e9cit, pointant son caract\u00e8re d\u00e9shumanisant et ins\u00e9curisant. L\u2019article met en relief les limites du \u00ab\u00a0discours sanitaire\u00a0\u00bb officiel et sugg\u00e8re que la visite m\u00e9dicale ne r\u00e9pondait pas uniquement \u00e0 des imp\u00e9ratifs de sant\u00e9 publique. La th\u00e8se d\u00e9fendue est que l\u2019examen pratiqu\u00e9 par la Suisse \u00e0 l\u2019entr\u00e9e de son territoire occupait une place centrale au sein d\u2019un dispositif panoptique de mise au travail. Ce rite de passage o\u00f9 le corps, d\u00e9nud\u00e9, devait se laisser observer, se montrer transparent, participait \u00e0 la socialisation disciplinaire des saisonnier\u00b7\u00e8re\u00b7s\u00a0: il inaugurait leur immersion dans un \u00ab\u00a0champ de visibilit\u00e9 totale\u00a0\u00bb (au sens de Foucault) institu\u00e9 par l\u2019\u00c9tat suisse \u00e0 des fins de contr\u00f4le et au nom de la s\u00e9curit\u00e9. Si la visite m\u00e9dicale drainait avec elle de puissants effets de domination, l\u2019article pense les r\u00e9sistances sous la forme d\u2019invisibilit\u00e9s strat\u00e9giques.<\/p>\n\n\n\n<h4 class=\"wp-block-heading\">Mots-cl\u00e9s\u00a0: corps, m\u00e9dical, immigration, (in)s\u00e9curit\u00e9, (in)visibilit\u00e9<\/h4>\n","protected":false},"excerpt":{"rendered":"<p>Author(s) : Victor Santos\u00a0Rodriguez Source : https:\/\/doi.org\/10.4000\/12x5s Abstract:<\/p>\n","protected":false},"author":4,"featured_media":0,"comment_status":"open","ping_status":"open","sticky":false,"template":"","format":"standard","meta":{"_kadence_starter_templates_imported_post":false,"_kad_post_transparent":"","_kad_post_title":"","_kad_post_layout":"","_kad_post_sidebar_id":"","_kad_post_content_style":"","_kad_post_vertical_padding":"","_kad_post_feature":"","_kad_post_feature_position":"","_kad_post_header":false,"_kad_post_footer":false,"_kad_post_classname":"","jetpack_post_was_ever_published":false,"_jetpack_newsletter_access":"","_jetpack_dont_email_post_to_subs":false,"_jetpack_newsletter_tier_id":0,"_jetpack_memberships_contains_paywalled_content":false,"_jetpack_memberships_contains_paid_content":false,"footnotes":""},"categories":[35],"tags":[291,7,433,106,52,153,473,220,212],"class_list":["post-37229","post","type-post","status-publish","format-standard","hentry","category-history","tag-291","tag-article","tag-body","tag-border-controls","tag-french-language","tag-health","tag-medical-screening","tag-seasonal-workers","tag-security"],"jetpack_featured_media_url":"","jetpack_sharing_enabled":true,"_links":{"self":[{"href":"https:\/\/swissmig.unine.ch\/index.php?rest_route=\/wp\/v2\/posts\/37229","targetHints":{"allow":["GET"]}}],"collection":[{"href":"https:\/\/swissmig.unine.ch\/index.php?rest_route=\/wp\/v2\/posts"}],"about":[{"href":"https:\/\/swissmig.unine.ch\/index.php?rest_route=\/wp\/v2\/types\/post"}],"author":[{"embeddable":true,"href":"https:\/\/swissmig.unine.ch\/index.php?rest_route=\/wp\/v2\/users\/4"}],"replies":[{"embeddable":true,"href":"https:\/\/swissmig.unine.ch\/index.php?rest_route=%2Fwp%2Fv2%2Fcomments&post=37229"}],"version-history":[{"count":0,"href":"https:\/\/swissmig.unine.ch\/index.php?rest_route=\/wp\/v2\/posts\/37229\/revisions"}],"wp:attachment":[{"href":"https:\/\/swissmig.unine.ch\/index.php?rest_route=%2Fwp%2Fv2%2Fmedia&parent=37229"}],"wp:term":[{"taxonomy":"category","embeddable":true,"href":"https:\/\/swissmig.unine.ch\/index.php?rest_route=%2Fwp%2Fv2%2Fcategories&post=37229"},{"taxonomy":"post_tag","embeddable":true,"href":"https:\/\/swissmig.unine.ch\/index.php?rest_route=%2Fwp%2Fv2%2Ftags&post=37229"}],"curies":[{"name":"wp","href":"https:\/\/api.w.org\/{rel}","templated":true}]}}