{"id":3722,"date":"2020-04-27T08:00:11","date_gmt":"2020-04-27T07:00:11","guid":{"rendered":"https:\/\/swissmig.wordpress.com\/?p=3722"},"modified":"2020-04-27T08:00:11","modified_gmt":"2020-04-27T07:00:11","slug":"un-parcours-seme-dembuches-procedure-dasile-et-transition-a-la-majorite-des-mineurs-non-accomagnes-porteurs-dun-permis-provisoire-f-quels-sont-les-impacts-sur-leur-sante-mentale","status":"publish","type":"post","link":"https:\/\/swissmig.unine.ch\/?p=3722","title":{"rendered":"&#8220;Un parcours sem\u00e9 d&#8217;emb\u00fbches !&#8221; : Proc\u00e9dure d&#8217;asile et transition \u00e0 la majorit\u00e9 des mineurs non-accomagn\u00e9s porteurs d&#8217;un permis provisoire (F) : quels sont les impacts sur leur sant\u00e9 mentale ?"},"content":{"rendered":"<h3>Author(s) : Elodie Marguerat<\/h3>\n<h3>Source : <a href=\"https:\/\/serval.unil.ch\/notice\/serval:BIB_S_29463\" target=\"_blank\" rel=\"noopener\">https:\/\/serval.unil.ch\/notice\/serval:BIB_S_29463<\/a><\/h3>\n<p><strong>Abstract: <\/strong><!--more--><\/p>\n<blockquote><p>N \/ A<\/p><\/blockquote>\n<p>&nbsp;<\/p>\n","protected":false},"excerpt":{"rendered":"<p>Author(s) : Elodie Marguerat Source : https:\/\/serval.unil.ch\/notice\/serval:BIB_S_29463 Abstract:<\/p>\n","protected":false},"author":4,"featured_media":0,"comment_status":"open","ping_status":"open","sticky":false,"template":"","format":"standard","meta":{"_kadence_starter_templates_imported_post":false,"_kad_post_transparent":"","_kad_post_title":"","_kad_post_layout":"","_kad_post_sidebar_id":"","_kad_post_content_style":"","_kad_post_vertical_padding":"","_kad_post_feature":"","_kad_post_feature_position":"","_kad_post_header":false,"_kad_post_footer":false,"_kad_post_classname":"","jetpack_post_was_ever_published":false,"_jetpack_newsletter_access":"","_jetpack_dont_email_post_to_subs":false,"_jetpack_newsletter_tier_id":0,"_jetpack_memberships_contains_paywalled_content":false,"_jetpack_memberships_contains_paid_content":false,"footnotes":""},"categories":[59],"tags":[582,49,112,50,52,319,185,581,339,402,64],"class_list":["post-3722","post","type-post","status-publish","format-standard","hentry","category-health","tag-582","tag-asylum-policy","tag-asylum-procedure","tag-asylum-seekers","tag-french-language","tag-master-thesis","tag-mental-health","tag-primary-health-care","tag-psychological-problems","tag-temporary-admission","tag-unaccompanied-minors"],"jetpack_featured_media_url":"","jetpack_sharing_enabled":true,"_links":{"self":[{"href":"https:\/\/swissmig.unine.ch\/index.php?rest_route=\/wp\/v2\/posts\/3722","targetHints":{"allow":["GET"]}}],"collection":[{"href":"https:\/\/swissmig.unine.ch\/index.php?rest_route=\/wp\/v2\/posts"}],"about":[{"href":"https:\/\/swissmig.unine.ch\/index.php?rest_route=\/wp\/v2\/types\/post"}],"author":[{"embeddable":true,"href":"https:\/\/swissmig.unine.ch\/index.php?rest_route=\/wp\/v2\/users\/4"}],"replies":[{"embeddable":true,"href":"https:\/\/swissmig.unine.ch\/index.php?rest_route=%2Fwp%2Fv2%2Fcomments&post=3722"}],"version-history":[{"count":0,"href":"https:\/\/swissmig.unine.ch\/index.php?rest_route=\/wp\/v2\/posts\/3722\/revisions"}],"wp:attachment":[{"href":"https:\/\/swissmig.unine.ch\/index.php?rest_route=%2Fwp%2Fv2%2Fmedia&parent=3722"}],"wp:term":[{"taxonomy":"category","embeddable":true,"href":"https:\/\/swissmig.unine.ch\/index.php?rest_route=%2Fwp%2Fv2%2Fcategories&post=3722"},{"taxonomy":"post_tag","embeddable":true,"href":"https:\/\/swissmig.unine.ch\/index.php?rest_route=%2Fwp%2Fv2%2Ftags&post=3722"}],"curies":[{"name":"wp","href":"https:\/\/api.w.org\/{rel}","templated":true}]}}