{"id":37214,"date":"2025-02-10T08:00:00","date_gmt":"2025-02-10T07:00:00","guid":{"rendered":"https:\/\/swissmig.wordpress.com\/?p=37214"},"modified":"2025-02-10T08:00:00","modified_gmt":"2025-02-10T07:00:00","slug":"arbeitsmarktintegration-ukrainischer-gefluchteter-eine-internationale-perspektive","status":"publish","type":"post","link":"https:\/\/swissmig.unine.ch\/?p=37214","title":{"rendered":"Arbeitsmarktintegration ukrainischer Gefl\u00fcchteter: eine internationale Perspektive"},"content":{"rendered":"\n<h3 class=\"wp-block-heading\">Author(s) : Yuliya Kosyakova, Kseniia Gatskova, Theresa Koch, Davit Adunts, Joseph Braunfels, Laura Go\u00dfner, Regina Konle-Seidl, Silvia Schwanh\u00e4user, Marie Vandenhirtz<\/h3>\n\n\n\n<h3 class=\"wp-block-heading\">Source : <a href=\"https:\/\/hdl.handle.net\/10419\/301259\" target=\"_blank\" rel=\"noreferrer noopener\">https:\/\/hdl.handle.net\/10419\/301259<\/a><\/h3>\n\n\n\n<p><strong>Abstract: <\/strong><\/p>\n\n\n\n<!--more-->\n\n\n\n<blockquote class=\"wp-block-quote is-layout-flow wp-block-quote-is-layout-flow\">\n<p>&#8220;Dieser Forschungsbericht untersucht die Arbeitsmarktintegration ukrainischer Gefl\u00fcchteter in verschiedenen europ\u00e4ischen L\u00e4ndern, darunter viele EU-Mitgliedsstaaten sowie Gro\u00dfbritannien, die Schweiz und Norwegen, im Zeitraum vom 4. Quartal 2022 bis zum 1. Quartal 2024. Ein direkter Vergleich der Besch\u00e4ftigungsquoten ukrainischer Gefl\u00fcchteter zwischen verschiedenen L\u00e4ndern wird aufgrund der fehlenden Verf\u00fcgbarkeit einer harmonisierten Datenquelle wie der europ\u00e4ischen Arbeitskr\u00e4fteerhebung (Labor Force Survey, LFS) erschwert. F\u00fcr diese Studie wurde daher eine umfassende Datenbank geschaffen, die die Besch\u00e4ftigungsdaten zu vergleichbaren Zeitpunkten und basierend auf denselben Definitionen harmonisiert. In den L\u00e4ndern, wo diese zur Verf\u00fcgung stehen, werden administrative Besch\u00e4ftigungsdaten genutzt. In den \u00fcbrigen L\u00e4ndern beruhen die Besch\u00e4ftigungsdaten hingegen auf unterschiedlichen Befragungen, die zu verschiedenen Zeitpunkten erhoben wurden. Dar\u00fcber hinaus wurden Indikatoren, die nach dem bisherigen Forschungsstand die Arbeitsmarktintegration beeinflussen, ebenfalls auf der Grundlage vergleichbarer Daten und Definitionen zusammengestellt. [\u2026]&#8221;<\/p>\n\n\n\n<p>&#8220;This research report investigates the labor market integration of Ukrainian refugees across various European countries, including many EU member states as well as the UK, Switzerland, and Norway, in the period from Q4 2022 to Q1 2024. Comparing the employment rates of Ukrainian refugees across different countries presents challenges due to the absence of a uniform database, such as the European Labor Force Survey (LFS). To address this, we constructed a comprehensive database that harmonizes employment data from comparable time points and employs consistent definitions for calculating rates. Employment data were obtained from administrative records in countries where available, and from various surveys conducted at different times in other nations. Additionally, this study compiles indicators currently recognized in research as having an influence on labor market integration, using comparable data and definitions to enhance the robustness of the analysis. [\u2026]&#8221;<\/p>\n\n\n\n<p><strong>Schlagw\u00f6rter<\/strong>: Arbeitsmarktintegration, Gefl\u00fcchtete, internationaler Vergleich<\/p>\n<\/blockquote>\n","protected":false},"excerpt":{"rendered":"<p>Author(s) : Yuliya Kosyakova, Kseniia Gatskova, Theresa Koch, Davit Adunts,&#8230;<\/p>\n","protected":false},"author":4,"featured_media":0,"comment_status":"open","ping_status":"open","sticky":false,"template":"","format":"standard","meta":{"_kadence_starter_templates_imported_post":false,"_kad_post_transparent":"","_kad_post_title":"","_kad_post_layout":"","_kad_post_sidebar_id":"","_kad_post_content_style":"","_kad_post_vertical_padding":"","_kad_post_feature":"","_kad_post_feature_position":"","_kad_post_header":false,"_kad_post_footer":false,"_kad_post_classname":"","jetpack_post_was_ever_published":false,"_jetpack_newsletter_access":"","_jetpack_dont_email_post_to_subs":false,"_jetpack_newsletter_tier_id":0,"_jetpack_memberships_contains_paywalled_content":false,"_jetpack_memberships_contains_paid_content":false,"footnotes":""},"categories":[16],"tags":[291,50,57,358,176,240,27,73,19,381,103,249,181,647,382,118],"class_list":["post-37214","post","type-post","status-publish","format-standard","hentry","category-economics","tag-291","tag-asylum-seekers","tag-comparative-analysis","tag-database","tag-economic-integration","tag-employment","tag-european-union","tag-german-language","tag-labour-market","tag-norway","tag-refugees","tag-report","tag-survey","tag-ukrainians","tag-united-kingdom","tag-youth"],"jetpack_featured_media_url":"","jetpack_sharing_enabled":true,"_links":{"self":[{"href":"https:\/\/swissmig.unine.ch\/index.php?rest_route=\/wp\/v2\/posts\/37214","targetHints":{"allow":["GET"]}}],"collection":[{"href":"https:\/\/swissmig.unine.ch\/index.php?rest_route=\/wp\/v2\/posts"}],"about":[{"href":"https:\/\/swissmig.unine.ch\/index.php?rest_route=\/wp\/v2\/types\/post"}],"author":[{"embeddable":true,"href":"https:\/\/swissmig.unine.ch\/index.php?rest_route=\/wp\/v2\/users\/4"}],"replies":[{"embeddable":true,"href":"https:\/\/swissmig.unine.ch\/index.php?rest_route=%2Fwp%2Fv2%2Fcomments&post=37214"}],"version-history":[{"count":0,"href":"https:\/\/swissmig.unine.ch\/index.php?rest_route=\/wp\/v2\/posts\/37214\/revisions"}],"wp:attachment":[{"href":"https:\/\/swissmig.unine.ch\/index.php?rest_route=%2Fwp%2Fv2%2Fmedia&parent=37214"}],"wp:term":[{"taxonomy":"category","embeddable":true,"href":"https:\/\/swissmig.unine.ch\/index.php?rest_route=%2Fwp%2Fv2%2Fcategories&post=37214"},{"taxonomy":"post_tag","embeddable":true,"href":"https:\/\/swissmig.unine.ch\/index.php?rest_route=%2Fwp%2Fv2%2Ftags&post=37214"}],"curies":[{"name":"wp","href":"https:\/\/api.w.org\/{rel}","templated":true}]}}