{"id":37211,"date":"2025-02-17T08:00:00","date_gmt":"2025-02-17T07:00:00","guid":{"rendered":"https:\/\/swissmig.wordpress.com\/?p=37211"},"modified":"2025-02-17T08:00:00","modified_gmt":"2025-02-17T07:00:00","slug":"le-sentiment-de-solitude-dans-la-population-agee-migrante-le-cas-de-la-ville-de-lausanne","status":"publish","type":"post","link":"https:\/\/swissmig.unine.ch\/?p=37211","title":{"rendered":"Le sentiment de solitude dans la population \u00e2g\u00e9e migrante. Le cas de la ville de Lausanne"},"content":{"rendered":"\n<h3 class=\"wp-block-heading\">Author(s) : Ruxandra Oana Ciobanu, Judith K\u00fchr, Sarah Ludwig-Dehm,<br>Romaric Thi\u00e9vent et Yann Rod<\/h3>\n\n\n\n<h3 class=\"wp-block-heading\">Source : <a href=\"https:\/\/seismoverlag.ch\/site\/assets\/files\/20375\/oa_9782883517677.pdf\" target=\"_blank\" rel=\"noreferrer noopener\">https:\/\/seismoverlag.ch\/site\/assets\/files\/20375\/oa_9782883517677.pdf<\/a> Source livre : <a href=\"https:\/\/doi.org\/10.33058\/seismo.20767\" target=\"_blank\" rel=\"noreferrer noopener\">https:\/\/doi.org\/10.33058\/seismo.20767<\/a><\/h3>\n\n\n\n<p><strong>Abstract: <\/strong><\/p>\n\n\n\n<!--more-->\n\n\n\n<blockquote class=\"wp-block-quote is-layout-flow wp-block-quote-is-layout-flow\">\n<p>&#8220;Le pr\u00e9sent chapitre se focalise sur deux aspects : le sentiment de solitude et la population des migrant\u00b7e\u00b7s \u00e2g\u00e9\u00b7e\u00b7s, un groupe encore marginal dans la recherche internationale (Ciobanu et al. 2017). Par les th\u00e9matiques qu\u2019il traite, ce chapitre forme un contrepoint aux autres contributions de cet ouvrage. Alors que ces derniers mettent l\u2019accent sur l\u2019importance des liens sociaux, de voisinage en particulier, dans la constitution d\u2019habitats et d\u2019environnements favorables au vieillissement, il pose la question de l\u2019exposition accrue au risque d\u2019isolement social subjectif et de solitude d\u2019un public \u00e2g\u00e9 sp\u00e9cifique, la population \u00e2g\u00e9e migrante, susceptible de cumuler d\u2019autres d\u00e9savantages.&#8221;<\/p>\n<\/blockquote>\n","protected":false},"excerpt":{"rendered":"<p>Author(s) : Ruxandra Oana Ciobanu, Judith K\u00fchr, Sarah Ludwig-Dehm,Romaric Thi\u00e9vent&#8230;<\/p>\n","protected":false},"author":4,"featured_media":0,"comment_status":"open","ping_status":"open","sticky":false,"template":"","format":"standard","meta":{"_kadence_starter_templates_imported_post":false,"_kad_post_transparent":"","_kad_post_title":"","_kad_post_layout":"","_kad_post_sidebar_id":"","_kad_post_content_style":"","_kad_post_vertical_padding":"","_kad_post_feature":"","_kad_post_feature_position":"","_kad_post_header":false,"_kad_post_footer":false,"_kad_post_classname":"","jetpack_post_was_ever_published":false,"_jetpack_newsletter_access":"","_jetpack_dont_email_post_to_subs":false,"_jetpack_newsletter_tier_id":0,"_jetpack_memberships_contains_paywalled_content":false,"_jetpack_memberships_contains_paid_content":false,"footnotes":""},"categories":[24],"tags":[291,49,32,575,142,52,104,682,122,60,177,91,370],"class_list":["post-37211","post","type-post","status-publish","format-standard","hentry","category-society-family-racism","tag-291","tag-asylum-policy","tag-book-chapter","tag-civil-society","tag-elderly","tag-french-language","tag-living-conditions","tag-loneliness","tag-migrants","tag-older-migrants","tag-psychological-well-being","tag-social-integration","tag-vaud"],"jetpack_featured_media_url":"","jetpack_sharing_enabled":true,"_links":{"self":[{"href":"https:\/\/swissmig.unine.ch\/index.php?rest_route=\/wp\/v2\/posts\/37211","targetHints":{"allow":["GET"]}}],"collection":[{"href":"https:\/\/swissmig.unine.ch\/index.php?rest_route=\/wp\/v2\/posts"}],"about":[{"href":"https:\/\/swissmig.unine.ch\/index.php?rest_route=\/wp\/v2\/types\/post"}],"author":[{"embeddable":true,"href":"https:\/\/swissmig.unine.ch\/index.php?rest_route=\/wp\/v2\/users\/4"}],"replies":[{"embeddable":true,"href":"https:\/\/swissmig.unine.ch\/index.php?rest_route=%2Fwp%2Fv2%2Fcomments&post=37211"}],"version-history":[{"count":0,"href":"https:\/\/swissmig.unine.ch\/index.php?rest_route=\/wp\/v2\/posts\/37211\/revisions"}],"wp:attachment":[{"href":"https:\/\/swissmig.unine.ch\/index.php?rest_route=%2Fwp%2Fv2%2Fmedia&parent=37211"}],"wp:term":[{"taxonomy":"category","embeddable":true,"href":"https:\/\/swissmig.unine.ch\/index.php?rest_route=%2Fwp%2Fv2%2Fcategories&post=37211"},{"taxonomy":"post_tag","embeddable":true,"href":"https:\/\/swissmig.unine.ch\/index.php?rest_route=%2Fwp%2Fv2%2Ftags&post=37211"}],"curies":[{"name":"wp","href":"https:\/\/api.w.org\/{rel}","templated":true}]}}