{"id":37194,"date":"2025-02-03T08:00:00","date_gmt":"2025-02-03T07:00:00","guid":{"rendered":"https:\/\/swissmig.wordpress.com\/?p=37194"},"modified":"2025-02-03T08:00:00","modified_gmt":"2025-02-03T07:00:00","slug":"formation-des-jeunes-demandeurs-dasile-partenariats-publics-prives-potentiel-et-defis","status":"publish","type":"post","link":"https:\/\/swissmig.unine.ch\/?p=37194","title":{"rendered":"Formation des jeunes demandeurs d\u2019asile : partenariats publics-priv\u00e9s, potentiel et d\u00e9fis"},"content":{"rendered":"\n<h3 class=\"wp-block-heading\">Author(s) : Denise Efionayi-M\u00e4der<\/h3>\n\n\n\n<h3 class=\"wp-block-heading\">Source (pp. 136-139) : <a href=\"https:\/\/www.terra-cognita.ch\/fileadmin\/user_upload\/terracognita\/documents\/terra_cognita_40_bf.pdf\" target=\"_blank\" rel=\"noreferrer noopener\">https:\/\/www.terra-cognita.ch\/fileadmin\/user_upload\/terracognita\/documents\/terra_cognita_40_bf.pdf<\/a><\/h3>\n\n\n\n<p><strong>Abstract: <\/strong><\/p>\n\n\n\n<!--more-->\n\n\n\n<blockquote class=\"wp-block-quote is-layout-flow wp-block-quote-is-layout-flow\">\n<p>&#8220;La formation des jeunes demandeurs d\u2019asile est de plus en plus reconnue comme un enjeu-cl\u00e9<br>pour leur avenir, mais aussi pour celui de la soci\u00e9t\u00e9 d\u2019accueil. Partant de cela se pose la question<br>de savoir comment transformer la p\u00e9riode d\u2019incertitude li\u00e9e \u00e0 la proc\u00e9dure d\u2019asile en une<br>opportunit\u00e9 d\u2019acquisition de comp\u00e9tences. Et quel r\u00f4le peuvent jouer le secteur non-\u00e9tatique et la<br>soci\u00e9t\u00e9 civile dans un contexte de tensions exacerb\u00e9es entre politiques de formation et d\u2019asile ?&#8221;<\/p>\n<\/blockquote>\n","protected":false},"excerpt":{"rendered":"<p>Author(s) : Denise Efionayi-M\u00e4der Source (pp. 136-139) : https:\/\/www.terra-cognita.ch\/fileadmin\/user_upload\/terracognita\/documents\/terra_cognita_40_bf.pdf Abstract:<\/p>\n","protected":false},"author":4,"featured_media":0,"comment_status":"open","ping_status":"open","sticky":false,"template":"","format":"standard","meta":{"_kadence_starter_templates_imported_post":false,"_kad_post_transparent":"","_kad_post_title":"","_kad_post_layout":"","_kad_post_sidebar_id":"","_kad_post_content_style":"","_kad_post_vertical_padding":"","_kad_post_feature":"","_kad_post_feature_position":"","_kad_post_header":false,"_kad_post_footer":false,"_kad_post_classname":"","jetpack_post_was_ever_published":false,"_jetpack_newsletter_access":"","_jetpack_dont_email_post_to_subs":false,"_jetpack_newsletter_tier_id":0,"_jetpack_memberships_contains_paywalled_content":false,"_jetpack_memberships_contains_paid_content":false,"footnotes":""},"categories":[61],"tags":[291,407,362,7,49,112,50,575,77,52,236,487,363,264,371,118],"class_list":["post-37194","post","type-post","status-publish","format-standard","hentry","category-education","tag-291","tag-access-to-education","tag-access-to-employment","tag-article","tag-asylum-policy","tag-asylum-procedure","tag-asylum-seekers","tag-civil-society","tag-education-policy","tag-french-language","tag-language-barriers","tag-ngos","tag-school","tag-skills","tag-vocational-training","tag-youth"],"jetpack_featured_media_url":"","jetpack_sharing_enabled":true,"_links":{"self":[{"href":"https:\/\/swissmig.unine.ch\/index.php?rest_route=\/wp\/v2\/posts\/37194","targetHints":{"allow":["GET"]}}],"collection":[{"href":"https:\/\/swissmig.unine.ch\/index.php?rest_route=\/wp\/v2\/posts"}],"about":[{"href":"https:\/\/swissmig.unine.ch\/index.php?rest_route=\/wp\/v2\/types\/post"}],"author":[{"embeddable":true,"href":"https:\/\/swissmig.unine.ch\/index.php?rest_route=\/wp\/v2\/users\/4"}],"replies":[{"embeddable":true,"href":"https:\/\/swissmig.unine.ch\/index.php?rest_route=%2Fwp%2Fv2%2Fcomments&post=37194"}],"version-history":[{"count":0,"href":"https:\/\/swissmig.unine.ch\/index.php?rest_route=\/wp\/v2\/posts\/37194\/revisions"}],"wp:attachment":[{"href":"https:\/\/swissmig.unine.ch\/index.php?rest_route=%2Fwp%2Fv2%2Fmedia&parent=37194"}],"wp:term":[{"taxonomy":"category","embeddable":true,"href":"https:\/\/swissmig.unine.ch\/index.php?rest_route=%2Fwp%2Fv2%2Fcategories&post=37194"},{"taxonomy":"post_tag","embeddable":true,"href":"https:\/\/swissmig.unine.ch\/index.php?rest_route=%2Fwp%2Fv2%2Ftags&post=37194"}],"curies":[{"name":"wp","href":"https:\/\/api.w.org\/{rel}","templated":true}]}}