{"id":37183,"date":"2025-02-03T08:00:00","date_gmt":"2025-02-03T07:00:00","guid":{"rendered":"https:\/\/swissmig.wordpress.com\/?p=37183"},"modified":"2025-02-03T08:00:00","modified_gmt":"2025-02-03T07:00:00","slug":"processus-de-racialisation-et-enseignement-enquete-aupres-des-enseignant%c2%b7es-debutant%c2%b7es-dans-le-canton-de-vaud","status":"publish","type":"post","link":"https:\/\/swissmig.unine.ch\/?p=37183","title":{"rendered":"Processus de racialisation et enseignement : enqu\u00eate aupr\u00e8s des enseignant\u00b7es d\u00e9butant\u00b7es dans le canton de Vaud"},"content":{"rendered":"\n<h3 class=\"wp-block-heading\">Author(s) : Marine Tiavina Mar\u00e9chal, Oc\u00e9ane Haja Mar\u00e9chal<\/h3>\n\n\n\n<h3 class=\"wp-block-heading\">Source : <a href=\"https:\/\/doi.org\/10.22005\/bcu.541555\" target=\"_blank\" rel=\"noreferrer noopener\">https:\/\/doi.org\/10.22005\/bcu.541555<\/a><\/h3>\n\n\n\n<p><strong>Abstract: <\/strong><\/p>\n\n\n\n<!--more-->\n\n\n\n<blockquote class=\"wp-block-quote is-layout-flow wp-block-quote-is-layout-flow\">\n<p>&#8220;Inscrit dans une volont\u00e9 de porter un regard critique sur le lien entre notre formation et notre (future) pratique enseignante, ce m\u00e9moire de Bachelor s\u2019int\u00e9resse aux processus de racialisation et de discriminations raciales dans le contexte scolaire. Cette enqu\u00eate a \u00e9t\u00e9 faite aupr\u00e8s d\u2019enseignant\u00b7es d\u00e9butant\u00b7es primaires, c\u2019est-\u00e0-dire en derni\u00e8re ann\u00e9e de formation du Bachelor en enseignement primaire. Il a pour but d\u2019identifier la manifestation de la racialisation dans la pratique d\u2019enseignant\u00b7es, la mani\u00e8re dont ces processus impactent la relation aux \u00e9l\u00e8ves et de relater l\u2019apport de la formation \u00e0 la HEP Vaud dans la prise en compte des questions li\u00e9es au racisme au travers du discours. Nous avons men\u00e9 six entretiens compr\u00e9hensifs aupr\u00e8s d\u2019enseignantes d\u00e9butantes pratiquant leur stage dans le canton de Vaud. Les r\u00e9sultats montrent la pr\u00e9sence de racialisation inconsciente ainsi qu&#8217;une forme d&#8217;euph\u00e9misation qui am\u00e8ne \u00e0 concevoir les probl\u00e8mes raciaux en termes de culture. Ceci peut avoir pour cons\u00e9quences une nouvelle forme d\u2019essentialisation, non pas racialisante mais culturalisante.&#8221;<\/p>\n\n\n\n<p><strong>Mots-cl\u00e9s<\/strong> : Racialisation; assignation; racisme; \u00e9cole; corps enseignant; diversit\u00e9<\/p>\n<\/blockquote>\n","protected":false},"excerpt":{"rendered":"<p>Author(s) : Marine Tiavina Mar\u00e9chal, Oc\u00e9ane Haja Mar\u00e9chal Source :&#8230;<\/p>\n","protected":false},"author":4,"featured_media":0,"comment_status":"open","ping_status":"open","sticky":false,"template":"","format":"standard","meta":{"_kadence_starter_templates_imported_post":false,"_kad_post_transparent":"","_kad_post_title":"","_kad_post_layout":"","_kad_post_sidebar_id":"","_kad_post_content_style":"","_kad_post_vertical_padding":"","_kad_post_feature":"","_kad_post_feature_position":"","_kad_post_header":false,"_kad_post_footer":false,"_kad_post_classname":"","jetpack_post_was_ever_published":false,"_jetpack_newsletter_access":"","_jetpack_dont_email_post_to_subs":false,"_jetpack_newsletter_tier_id":0,"_jetpack_memberships_contains_paywalled_content":false,"_jetpack_memberships_contains_paid_content":false,"footnotes":""},"categories":[61],"tags":[739,292,409,152,77,52,154,334,363,257,410,795,370,371],"class_list":["post-37183","post","type-post","status-publish","format-standard","hentry","category-education","tag-739","tag-bachelor-thesis","tag-cultural-diversity","tag-discourse","tag-education-policy","tag-french-language","tag-interviews","tag-racism","tag-school","tag-stereotypes","tag-teacher-education","tag-teachers","tag-vaud","tag-vocational-training"],"jetpack_featured_media_url":"","jetpack_sharing_enabled":true,"_links":{"self":[{"href":"https:\/\/swissmig.unine.ch\/index.php?rest_route=\/wp\/v2\/posts\/37183","targetHints":{"allow":["GET"]}}],"collection":[{"href":"https:\/\/swissmig.unine.ch\/index.php?rest_route=\/wp\/v2\/posts"}],"about":[{"href":"https:\/\/swissmig.unine.ch\/index.php?rest_route=\/wp\/v2\/types\/post"}],"author":[{"embeddable":true,"href":"https:\/\/swissmig.unine.ch\/index.php?rest_route=\/wp\/v2\/users\/4"}],"replies":[{"embeddable":true,"href":"https:\/\/swissmig.unine.ch\/index.php?rest_route=%2Fwp%2Fv2%2Fcomments&post=37183"}],"version-history":[{"count":0,"href":"https:\/\/swissmig.unine.ch\/index.php?rest_route=\/wp\/v2\/posts\/37183\/revisions"}],"wp:attachment":[{"href":"https:\/\/swissmig.unine.ch\/index.php?rest_route=%2Fwp%2Fv2%2Fmedia&parent=37183"}],"wp:term":[{"taxonomy":"category","embeddable":true,"href":"https:\/\/swissmig.unine.ch\/index.php?rest_route=%2Fwp%2Fv2%2Fcategories&post=37183"},{"taxonomy":"post_tag","embeddable":true,"href":"https:\/\/swissmig.unine.ch\/index.php?rest_route=%2Fwp%2Fv2%2Ftags&post=37183"}],"curies":[{"name":"wp","href":"https:\/\/api.w.org\/{rel}","templated":true}]}}