{"id":37169,"date":"2025-01-15T08:00:00","date_gmt":"2025-01-15T07:00:00","guid":{"rendered":"https:\/\/swissmig.wordpress.com\/?p=37169"},"modified":"2025-01-15T08:00:00","modified_gmt":"2025-01-15T07:00:00","slug":"de-la-re-production-de-stereotypes-sur-les-couples-islamo-suisses","status":"publish","type":"post","link":"https:\/\/swissmig.unine.ch\/?p=37169","title":{"rendered":"De la (re-)production de st\u00e9r\u00e9otypes sur les couples islamo-suisses"},"content":{"rendered":"\n<h3 class=\"wp-block-heading\"><strong>Author(s)<\/strong> : Laurence Ossipow, Val\u00e9rie Outemzabet-Litsios, Barbara Waldis<\/h3>\n\n\n\n<h3 class=\"wp-block-heading\">Source : <a href=\"https:\/\/doi.org\/10.5169\/seals-1007528\" target=\"_blank\" rel=\"noreferrer noopener\">https:\/\/doi.org\/10.5169\/seals-1007528<\/a><\/h3>\n\n\n\n<p><strong>Abstract<\/strong> <\/p>\n\n\n\n<p>&#8220;Dans le cadre d&#8217;une recherche en cours sur le th\u00e8me des couples binationaux, men\u00e9e par les instituts d&#8217;ethnologie des universit\u00e9s de Neuch\u00e2tel et de Fribourg, au sein du Programme national de recherche 39 \u00abMigrations et relations interculturelles\u00bb, nous nous sommes rendues le 13 d\u00e9cembre 1996 \u00e0 une \u00abr\u00e9union d&#8217;organismes de consultation et d&#8217;offices cantonaux d&#8217;\u00e9tat civil sur les mariages mixtes\u00bb. Cette r\u00e9union \u00e9tait organis\u00e9e par l&#8217;Institut suisse de droit compar\u00e9 de Lausanne pour discuter de la brochure Mariages mixtes entre suisses et \u00e9trangers musulmans r\u00e9dig\u00e9e par Sami Aldeeb, juriste, collaborateur de l&#8217;Institut. Des repr\u00e9sentants des diff\u00e9rentes<br>collectivit\u00e9s musulmanes de Suisse \u00e9taient \u00e9galement pr\u00e9sents afin de formuler leur point de vue. Notre recherche \u00e9tudie les couples suisses-\u00e9trangers dans lesquels le\/la conjoint\/e \u00e9tranger\/\u00e8re est originaire d&#8217;une des trois aires g\u00e9ographiques suivantes: l&#8217;aire sud- et est-m\u00e9diterran\u00e9enne musulmane, l&#8217;Afrique au sud du Sahara, et les pays de l&#8217;ancien bloc de l&#8217;Est europ\u00e9en.&#8221;<\/p>\n\n\n\n<p><\/p>\n","protected":false},"excerpt":{"rendered":"<p>Author(s) : Laurence Ossipow, Val\u00e9rie Outemzabet-Litsios, Barbara Waldis Source :&#8230;<\/p>\n","protected":false},"author":4,"featured_media":0,"comment_status":"open","ping_status":"open","sticky":false,"template":"","format":"standard","meta":{"_kadence_starter_templates_imported_post":false,"_kad_post_transparent":"","_kad_post_title":"","_kad_post_layout":"","_kad_post_sidebar_id":"","_kad_post_content_style":"","_kad_post_vertical_padding":"","_kad_post_feature":"","_kad_post_feature_position":"","_kad_post_header":false,"_kad_post_footer":false,"_kad_post_classname":"","jetpack_post_was_ever_published":false,"_jetpack_newsletter_access":"","_jetpack_dont_email_post_to_subs":true,"_jetpack_newsletter_tier_id":0,"_jetpack_memberships_contains_paywalled_content":false,"_jetpack_memberships_contains_paid_content":false,"footnotes":""},"categories":[24],"tags":[243,7,70,642,82,52,88,553,179,93,711,334,168,257],"class_list":["post-37169","post","type-post","status-publish","format-standard","hentry","category-society-family-racism","tag-243","tag-article","tag-citizenship","tag-dual-citizenship","tag-ethnic-discrimination","tag-french-language","tag-intercultural-relations","tag-intermarriage","tag-marriage","tag-naturalization","tag-race","tag-racism","tag-religious-practice","tag-stereotypes"],"jetpack_featured_media_url":"","jetpack_sharing_enabled":true,"_links":{"self":[{"href":"https:\/\/swissmig.unine.ch\/index.php?rest_route=\/wp\/v2\/posts\/37169","targetHints":{"allow":["GET"]}}],"collection":[{"href":"https:\/\/swissmig.unine.ch\/index.php?rest_route=\/wp\/v2\/posts"}],"about":[{"href":"https:\/\/swissmig.unine.ch\/index.php?rest_route=\/wp\/v2\/types\/post"}],"author":[{"embeddable":true,"href":"https:\/\/swissmig.unine.ch\/index.php?rest_route=\/wp\/v2\/users\/4"}],"replies":[{"embeddable":true,"href":"https:\/\/swissmig.unine.ch\/index.php?rest_route=%2Fwp%2Fv2%2Fcomments&post=37169"}],"version-history":[{"count":0,"href":"https:\/\/swissmig.unine.ch\/index.php?rest_route=\/wp\/v2\/posts\/37169\/revisions"}],"wp:attachment":[{"href":"https:\/\/swissmig.unine.ch\/index.php?rest_route=%2Fwp%2Fv2%2Fmedia&parent=37169"}],"wp:term":[{"taxonomy":"category","embeddable":true,"href":"https:\/\/swissmig.unine.ch\/index.php?rest_route=%2Fwp%2Fv2%2Fcategories&post=37169"},{"taxonomy":"post_tag","embeddable":true,"href":"https:\/\/swissmig.unine.ch\/index.php?rest_route=%2Fwp%2Fv2%2Ftags&post=37169"}],"curies":[{"name":"wp","href":"https:\/\/api.w.org\/{rel}","templated":true}]}}