{"id":37125,"date":"2025-01-20T08:00:00","date_gmt":"2025-01-20T07:00:00","guid":{"rendered":"https:\/\/swissmig.wordpress.com\/?p=37125"},"modified":"2025-01-20T08:00:00","modified_gmt":"2025-01-20T07:00:00","slug":"sichtbar-werden-wenn-sans-papiers-regularisiert-werden","status":"publish","type":"post","link":"https:\/\/swissmig.unine.ch\/?p=37125","title":{"rendered":"Sichtbar werden : wenn Sans-Papiers regularisiert werden"},"content":{"rendered":"\n<h3 class=\"wp-block-heading\">Author(s) : Jan-Erik Refle, Claudine Burton-Jeangros, Yves Jackson<\/h3>\n\n\n\n<h3 class=\"wp-block-heading\">Source : <a href=\"https:\/\/www.epflpress.org\/produit\/1523\/9782832322758\/sichtbar-werden\">https:\/\/www.epflpress.org\/produit\/1523\/9782832322758\/sichtbar-werden<\/a><\/h3>\n\n\n\n<p><strong>Abstract: <\/strong><\/p>\n\n\n\n<!--more-->\n\n\n\n<blockquote class=\"wp-block-quote is-layout-flow wp-block-quote-is-layout-flow\">\n<p>Zwischen 2017 und 2018 setzte der Kanton Genf ein in der Schweiz einmaliges Pilotprojet um: die Regularisierung von zahlreichen Menschen ohne g\u00fcltige Aufenthaltspapiere, die bestimmte im Voraus festgelegte Kriterien erf\u00fcllten. Welche Folgen hatte diese Entscheidung f\u00fcr ihre Lebensbedingungen und Zukunftspl\u00e4ne? Dieses Buch pr\u00e4sentiert die Ergebnisse einer gro\u00dfangelegten Studie namens \u201cParchemins\u201d, die \u00fcber f\u00fcnf Jahre hinweg unter den Teilnehmern durchgefu\u00a8hrt wurde. Dank der zahlreichen gesammelten Daten zeigt diese Studie, wie der Zugang zu einem legalen Status den Lebensverlauf dieser Menschen ver\u00e4ndert, sei es in Bezug auf die Wohnsituation, die finanzielle Lage, die soziale Integration, die Gesundheit und die Lebensqualit\u00e4t. Es liefert Ans\u00e4tze zur Interpretation dieser Ergebnisse und pr\u00e4sentiert Handlungsempfehlungen f\u00fcr politische Entscheidungstr\u00e4ger und Zivilgesellschaft mit dem Ziel, diese neuen B\u00fcrger bestm\u00f6glich zu begleiten.<\/p>\n<\/blockquote>\n","protected":false},"excerpt":{"rendered":"<p>Author(s) : Jan-Erik Refle, Claudine Burton-Jeangros, Yves Jackson Source :&#8230;<\/p>\n","protected":false},"author":4,"featured_media":0,"comment_status":"open","ping_status":"open","sticky":false,"template":"","format":"standard","meta":{"_kadence_starter_templates_imported_post":false,"_kad_post_transparent":"","_kad_post_title":"","_kad_post_layout":"","_kad_post_sidebar_id":"","_kad_post_content_style":"","_kad_post_vertical_padding":"","_kad_post_feature":"","_kad_post_feature_position":"","_kad_post_header":false,"_kad_post_footer":false,"_kad_post_classname":"","jetpack_post_was_ever_published":false,"_jetpack_newsletter_access":"","_jetpack_dont_email_post_to_subs":false,"_jetpack_newsletter_tier_id":0,"_jetpack_memberships_contains_paywalled_content":false,"_jetpack_memberships_contains_paid_content":false,"footnotes":""},"categories":[24],"tags":[291,562,611,341,73,153,157,294,303,104,262,396,384,158],"class_list":["post-37125","post","type-post","status-publish","format-standard","hentry","category-society-family-racism","tag-291","tag-book","tag-clandestine-employment","tag-geneva","tag-german-language","tag-health","tag-health-care","tag-irregular-migration","tag-legal-aspects","tag-living-conditions","tag-undocumented-immigrants","tag-work-permit","tag-workers","tag-working-conditions"],"jetpack_featured_media_url":"","jetpack_sharing_enabled":true,"_links":{"self":[{"href":"https:\/\/swissmig.unine.ch\/index.php?rest_route=\/wp\/v2\/posts\/37125","targetHints":{"allow":["GET"]}}],"collection":[{"href":"https:\/\/swissmig.unine.ch\/index.php?rest_route=\/wp\/v2\/posts"}],"about":[{"href":"https:\/\/swissmig.unine.ch\/index.php?rest_route=\/wp\/v2\/types\/post"}],"author":[{"embeddable":true,"href":"https:\/\/swissmig.unine.ch\/index.php?rest_route=\/wp\/v2\/users\/4"}],"replies":[{"embeddable":true,"href":"https:\/\/swissmig.unine.ch\/index.php?rest_route=%2Fwp%2Fv2%2Fcomments&post=37125"}],"version-history":[{"count":0,"href":"https:\/\/swissmig.unine.ch\/index.php?rest_route=\/wp\/v2\/posts\/37125\/revisions"}],"wp:attachment":[{"href":"https:\/\/swissmig.unine.ch\/index.php?rest_route=%2Fwp%2Fv2%2Fmedia&parent=37125"}],"wp:term":[{"taxonomy":"category","embeddable":true,"href":"https:\/\/swissmig.unine.ch\/index.php?rest_route=%2Fwp%2Fv2%2Fcategories&post=37125"},{"taxonomy":"post_tag","embeddable":true,"href":"https:\/\/swissmig.unine.ch\/index.php?rest_route=%2Fwp%2Fv2%2Ftags&post=37125"}],"curies":[{"name":"wp","href":"https:\/\/api.w.org\/{rel}","templated":true}]}}