{"id":37095,"date":"2025-01-06T08:00:00","date_gmt":"2025-01-06T07:00:00","guid":{"rendered":"https:\/\/swissmig.wordpress.com\/?p=37095"},"modified":"2025-01-06T08:00:00","modified_gmt":"2025-01-06T07:00:00","slug":"le-paradoxe-suisse-entre-mansuetude-penale-et-criminalisation-de-limmigration","status":"publish","type":"post","link":"https:\/\/swissmig.unine.ch\/?p=37095","title":{"rendered":"Le paradoxe suisse : entre mansu\u00e9tude p\u00e9nale et criminalisation de l\u2019immigration"},"content":{"rendered":"\n<h3 class=\"wp-block-heading\"><strong>Author(s)<\/strong> : Luca Gnaedinger<\/h3>\n\n\n\n<h3 class=\"wp-block-heading\">Source : <a href=\"https:\/\/doi.org\/10.4000\/12dgq\" target=\"_blank\" rel=\"noreferrer noopener\">https:\/\/doi.org\/10.4000\/12dgq<\/a><\/h3>\n\n\n\n<p><strong>Abstract<\/strong> <\/p>\n\n\n\n<p>&#8220;Au d\u00e9but des ann\u00e9es 1980, les \u00e9tranger\u00b7\u00e8re\u00b7s repr\u00e9sentaient 30% des personnes d\u00e9tenues en Suisse. En 2020, ils et elles repr\u00e9sentent plus de 70% d\u2019entre elles. En 40 ans, le ratio entre nationaux\u00b7ales et \u00e9tranger\u00b7\u00e8re\u00b7s dans les prisons suisses s\u2019est litt\u00e9ralement invers\u00e9. \u00c0 travers une analyse statistique des donn\u00e9es p\u00e9nales, cet article discute les causes de ce basculement et montre l\u2019impact significatif de la criminalisation de l\u2019immigration dite \u00ab ind\u00e9sirable \u00bb sur la composition de la population carc\u00e9rale. Les r\u00e9sultats soutiennent l\u2019id\u00e9e que le contr\u00f4le de l\u2019immigration est devenu l\u2019une des fonctions majeures des prisons suisses et soulignent l\u2019implicite racial qui sous-tend une telle politique de \u00ab crimmigration \u00bb.&#8221;<\/p>\n\n\n\n<h4 class=\"wp-block-heading\"><strong>Mots-cl\u00e9s<\/strong>\u00a0: \u00e9trangers, prison, race, Suisse, crimmigration<\/h4>\n\n\n\n<p>&#8220;In the early 1980s, foreign nationals accounted for 30% of all prisoners in Switzerland. In 2020, they account for over 70%. In the span of 40 years, the ratio of nationals to foreigners in prison has reversed. Through a statistical analysis of penal data, this article discusses the causes of this shift and shows the significant impact of the criminalization of so-called undesirable immigration on the composition of the prison population. The results support the idea that immigration control has become one of the major functions of Swiss prisons and underline the racial implicit underlying such a &#8220;crimmigration&#8221; policy.&#8221;<\/p>\n\n\n\n<p><strong>Keywords<\/strong>: foreigners, prison, race, Switzerland, crimmigration<\/p>\n\n\n\n<p><\/p>\n","protected":false},"excerpt":{"rendered":"<p>Author(s) : Luca Gnaedinger Source : https:\/\/doi.org\/10.4000\/12dgq Abstract &#8220;Au d\u00e9but&#8230;<\/p>\n","protected":false},"author":4,"featured_media":0,"comment_status":"open","ping_status":"open","sticky":false,"template":"","format":"standard","meta":{"_kadence_starter_templates_imported_post":false,"_kad_post_transparent":"","_kad_post_title":"","_kad_post_layout":"","_kad_post_sidebar_id":"","_kad_post_content_style":"","_kad_post_vertical_padding":"","_kad_post_feature":"","_kad_post_feature_position":"","_kad_post_header":false,"_kad_post_footer":false,"_kad_post_classname":"","jetpack_post_was_ever_published":false,"_jetpack_newsletter_access":"","_jetpack_dont_email_post_to_subs":false,"_jetpack_newsletter_tier_id":0,"_jetpack_memberships_contains_paywalled_content":false,"_jetpack_memberships_contains_paid_content":false,"footnotes":""},"categories":[12],"tags":[291,37,57,209,191,52,41,36,94,445,711,416],"class_list":["post-37095","post","type-post","status-publish","format-standard","hentry","category-politics","tag-291","tag-attitudes-towards-migrants","tag-comparative-analysis","tag-criminal-behaviour","tag-demography","tag-french-language","tag-integration","tag-migration-policy","tag-political-system","tag-prisons","tag-race","tag-violence"],"jetpack_featured_media_url":"","jetpack_sharing_enabled":true,"_links":{"self":[{"href":"https:\/\/swissmig.unine.ch\/index.php?rest_route=\/wp\/v2\/posts\/37095","targetHints":{"allow":["GET"]}}],"collection":[{"href":"https:\/\/swissmig.unine.ch\/index.php?rest_route=\/wp\/v2\/posts"}],"about":[{"href":"https:\/\/swissmig.unine.ch\/index.php?rest_route=\/wp\/v2\/types\/post"}],"author":[{"embeddable":true,"href":"https:\/\/swissmig.unine.ch\/index.php?rest_route=\/wp\/v2\/users\/4"}],"replies":[{"embeddable":true,"href":"https:\/\/swissmig.unine.ch\/index.php?rest_route=%2Fwp%2Fv2%2Fcomments&post=37095"}],"version-history":[{"count":0,"href":"https:\/\/swissmig.unine.ch\/index.php?rest_route=\/wp\/v2\/posts\/37095\/revisions"}],"wp:attachment":[{"href":"https:\/\/swissmig.unine.ch\/index.php?rest_route=%2Fwp%2Fv2%2Fmedia&parent=37095"}],"wp:term":[{"taxonomy":"category","embeddable":true,"href":"https:\/\/swissmig.unine.ch\/index.php?rest_route=%2Fwp%2Fv2%2Fcategories&post=37095"},{"taxonomy":"post_tag","embeddable":true,"href":"https:\/\/swissmig.unine.ch\/index.php?rest_route=%2Fwp%2Fv2%2Ftags&post=37095"}],"curies":[{"name":"wp","href":"https:\/\/api.w.org\/{rel}","templated":true}]}}