{"id":37078,"date":"2024-12-30T08:00:00","date_gmt":"2024-12-30T07:00:00","guid":{"rendered":"https:\/\/swissmig.wordpress.com\/?p=37078"},"modified":"2024-12-30T08:00:00","modified_gmt":"2024-12-30T07:00:00","slug":"racisme-dans-les-soins-partie-1-un-enjeu-dequite-en-sante","status":"publish","type":"post","link":"https:\/\/swissmig.unine.ch\/?p=37078","title":{"rendered":"Racisme dans les soins (partie 1) : un enjeu d\u2019\u00e9quit\u00e9 en sant\u00e9"},"content":{"rendered":"\n<h3 class=\"wp-block-heading\"><strong>Author(s)<\/strong> : Jean Baptiste Ngassop, Kevin Morisod, Rainer Tan, Elise Blandenier, V\u00e9ronique Grazioli, Nolwenn B\u00fchler Viredaz, Brigitte Pahud Vermeulen, Kevin Dzi,  Patrick Bodenmann<\/h3>\n\n\n\n<h3 class=\"wp-block-heading\">Source : <a href=\"https:\/\/dx.doi.org\/10.53738\/REVMED.2024.20.898.2302\" target=\"_blank\" rel=\"noreferrer noopener\">https:\/\/dx.doi.org\/10.53738\/REVMED.2024.20.898.2302<\/a><\/h3>\n\n\n\n<p><strong>Abstract<\/strong> <\/p>\n\n\n\n<p>N \/ A<\/p>\n\n\n\n<p><\/p>\n","protected":false},"excerpt":{"rendered":"<p>Author(s) : Jean Baptiste Ngassop, Kevin Morisod, Rainer Tan, Elise&#8230;<\/p>\n","protected":false},"author":4,"featured_media":0,"comment_status":"open","ping_status":"open","sticky":false,"template":"","format":"standard","meta":{"_kadence_starter_templates_imported_post":false,"_kad_post_transparent":"","_kad_post_title":"","_kad_post_layout":"","_kad_post_sidebar_id":"","_kad_post_content_style":"","_kad_post_vertical_padding":"","_kad_post_feature":"","_kad_post_feature_position":"","_kad_post_header":false,"_kad_post_footer":false,"_kad_post_classname":"","jetpack_post_was_ever_published":false,"_jetpack_newsletter_access":"","_jetpack_dont_email_post_to_subs":false,"_jetpack_newsletter_tier_id":0,"_jetpack_memberships_contains_paywalled_content":false,"_jetpack_memberships_contains_paid_content":false,"footnotes":""},"categories":[59],"tags":[291,37,79,52,157,334,416],"class_list":["post-37078","post","type-post","status-publish","format-standard","hentry","category-health","tag-291","tag-attitudes-towards-migrants","tag-equal-opportunities","tag-french-language","tag-health-care","tag-racism","tag-violence"],"jetpack_featured_media_url":"","jetpack_sharing_enabled":true,"_links":{"self":[{"href":"https:\/\/swissmig.unine.ch\/index.php?rest_route=\/wp\/v2\/posts\/37078","targetHints":{"allow":["GET"]}}],"collection":[{"href":"https:\/\/swissmig.unine.ch\/index.php?rest_route=\/wp\/v2\/posts"}],"about":[{"href":"https:\/\/swissmig.unine.ch\/index.php?rest_route=\/wp\/v2\/types\/post"}],"author":[{"embeddable":true,"href":"https:\/\/swissmig.unine.ch\/index.php?rest_route=\/wp\/v2\/users\/4"}],"replies":[{"embeddable":true,"href":"https:\/\/swissmig.unine.ch\/index.php?rest_route=%2Fwp%2Fv2%2Fcomments&post=37078"}],"version-history":[{"count":0,"href":"https:\/\/swissmig.unine.ch\/index.php?rest_route=\/wp\/v2\/posts\/37078\/revisions"}],"wp:attachment":[{"href":"https:\/\/swissmig.unine.ch\/index.php?rest_route=%2Fwp%2Fv2%2Fmedia&parent=37078"}],"wp:term":[{"taxonomy":"category","embeddable":true,"href":"https:\/\/swissmig.unine.ch\/index.php?rest_route=%2Fwp%2Fv2%2Fcategories&post=37078"},{"taxonomy":"post_tag","embeddable":true,"href":"https:\/\/swissmig.unine.ch\/index.php?rest_route=%2Fwp%2Fv2%2Ftags&post=37078"}],"curies":[{"name":"wp","href":"https:\/\/api.w.org\/{rel}","templated":true}]}}