{"id":37075,"date":"2024-12-23T08:00:00","date_gmt":"2024-12-23T07:00:00","guid":{"rendered":"https:\/\/swissmig.wordpress.com\/?p=37075"},"modified":"2024-12-23T08:00:00","modified_gmt":"2024-12-23T07:00:00","slug":"les-rapports-de-force-dans-la-relation-daide-aupres-dun-public-refugie-reflexions-sur-les-pratiques-en-services-sociaux","status":"publish","type":"post","link":"https:\/\/swissmig.unine.ch\/?p=37075","title":{"rendered":"Les rapports de force dans la relation d\u2019aide aupr\u00e8s d\u2019un public r\u00e9fugi\u00e9 : r\u00e9flexions sur les pratiques en services sociaux"},"content":{"rendered":"\n<h3 class=\"wp-block-heading\">Author(s) : Marine Hayward<\/h3>\n\n\n\n<h3 class=\"wp-block-heading\">Source : <a href=\"https:\/\/doi.org\/10.3917\/agraph.descl.2024.01.0023\" target=\"_blank\" rel=\"noreferrer noopener\">https:\/\/doi.org\/10.3917\/agraph.descl.2024.01.0023<\/a><\/h3>\n\n\n\n<p><strong>Abstract N\/A<\/strong><\/p>\n","protected":false},"excerpt":{"rendered":"<p>Author(s) : Marine Hayward Source : https:\/\/doi.org\/10.3917\/agraph.descl.2024.01.0023 Abstract N\/A<\/p>\n","protected":false},"author":4,"featured_media":0,"comment_status":"open","ping_status":"open","sticky":false,"template":"","format":"standard","meta":{"_kadence_starter_templates_imported_post":false,"_kad_post_transparent":"","_kad_post_title":"","_kad_post_layout":"","_kad_post_sidebar_id":"","_kad_post_content_style":"","_kad_post_vertical_padding":"","_kad_post_feature":"","_kad_post_feature_position":"","_kad_post_header":false,"_kad_post_footer":false,"_kad_post_classname":"","jetpack_post_was_ever_published":false,"_jetpack_newsletter_access":"","_jetpack_dont_email_post_to_subs":false,"_jetpack_newsletter_tier_id":0,"_jetpack_memberships_contains_paywalled_content":false,"_jetpack_memberships_contains_paid_content":false,"footnotes":""},"categories":[24],"tags":[291,32,21,52,692,103,47,91,314,340,401,315],"class_list":["post-37075","post","type-post","status-publish","format-standard","hentry","category-society-family-racism","tag-291","tag-book-chapter","tag-family","tag-french-language","tag-public-policy","tag-refugees","tag-social-inequalities","tag-social-integration","tag-social-services","tag-social-support","tag-social-workers","tag-welfare-state"],"jetpack_featured_media_url":"","jetpack_sharing_enabled":true,"_links":{"self":[{"href":"https:\/\/swissmig.unine.ch\/index.php?rest_route=\/wp\/v2\/posts\/37075","targetHints":{"allow":["GET"]}}],"collection":[{"href":"https:\/\/swissmig.unine.ch\/index.php?rest_route=\/wp\/v2\/posts"}],"about":[{"href":"https:\/\/swissmig.unine.ch\/index.php?rest_route=\/wp\/v2\/types\/post"}],"author":[{"embeddable":true,"href":"https:\/\/swissmig.unine.ch\/index.php?rest_route=\/wp\/v2\/users\/4"}],"replies":[{"embeddable":true,"href":"https:\/\/swissmig.unine.ch\/index.php?rest_route=%2Fwp%2Fv2%2Fcomments&post=37075"}],"version-history":[{"count":0,"href":"https:\/\/swissmig.unine.ch\/index.php?rest_route=\/wp\/v2\/posts\/37075\/revisions"}],"wp:attachment":[{"href":"https:\/\/swissmig.unine.ch\/index.php?rest_route=%2Fwp%2Fv2%2Fmedia&parent=37075"}],"wp:term":[{"taxonomy":"category","embeddable":true,"href":"https:\/\/swissmig.unine.ch\/index.php?rest_route=%2Fwp%2Fv2%2Fcategories&post=37075"},{"taxonomy":"post_tag","embeddable":true,"href":"https:\/\/swissmig.unine.ch\/index.php?rest_route=%2Fwp%2Fv2%2Ftags&post=37075"}],"curies":[{"name":"wp","href":"https:\/\/api.w.org\/{rel}","templated":true}]}}